{"id":96607,"date":"2017-05-02T00:00:00","date_gmt":"2017-05-02T00:00:00","guid":{"rendered":"http:\/\/www.av-arkki.fi\/uutiset\/verkkosivut-vertaistuella-av-arkin-jasentaitailijoille\/"},"modified":"2019-04-05T13:02:06","modified_gmt":"2019-04-05T13:02:06","slug":"verkkosivut-vertaistuella-av-arkin-jasentaitailijoille","status":"publish","type":"post","link":"https:\/\/www.av-arkki.fi\/fi\/uutiset\/verkkosivut-vertaistuella-av-arkin-jasentaitailijoille\/","title":{"rendered":"Verkkosivut vertaistuella AV-arkin j\u00e4sentaitailijoille"},"content":{"rendered":"<p>Parahin j\u00e4sentaiteilija,<\/p>\n<p>Ovatko omat verkkosivusi j\u00e4\u00e4neet harkinnan tasolle tai py\u00f6riv\u00e4tk\u00f6\u00a0ne jonkun vanhan systeemin p\u00e4\u00e4ll\u00e4 johon et ole en\u00e4\u00e4 tyytyv\u00e4inen tai\u00a0jota et itse osaa p\u00e4ivitt\u00e4\u00e4? <strong>Hanna-t\u00e4din ATK-kerhossa<\/strong> ratkaistaan yhdess\u00e4 t\u00e4h\u00e4n aiheeseen liittyvi\u00e4 ongelmia. P\u00e4\u00e4m\u00e4\u00e4r\u00e4n\u00e4 on saada mahdollisimman monelle AV-arkin j\u00e4sentaiteilijalle omat, toimivat, mobiiliresponsiiviset verkkosivut.<\/p>\n<h2>AV-arkissa pilotoidaaan vuonna 2017 vertaistuen ty\u00f6pajoja<\/h2>\n<p>Tuupataan yhdess\u00e4 eteenp\u00e4in keskener\u00e4iseksi tai harkinnan tasolle j\u00e4\u00e4neit\u00e4 verkkosivuja! Kantava ajatuksemme on, ett\u00e4\u00a0jos osaat kirjoittaa teksti\u00e4 ja julkaista kuvia sosiaalisessa mediassa niin silloin opit kyll\u00e4 k\u00e4ytt\u00e4m\u00e4\u00e4n WordPress-julkaisuj\u00e4rjestelm\u00e4\u00e4kin. Ty\u00f6pajoja vet\u00e4\u00e4 AV-arkin toiminnanjohtaja Hanna tai AV-arkin hallituksen j\u00e4senist\u00e4 kynnelle kykenev\u00e4t.<\/p>\n<p>Kurssin aikana\u00a0osallistujat p\u00e4\u00e4sev\u00e4t\u00a0alkuun omien sivujensa kanssa.\u00a0Ensin on t\u00e4rke\u00e4\u00e4 saada tietoa tarjolle, graafisen ulkoasun viilaamiseen voi keskitty\u00e4 sitten kun itsekin tiet\u00e4\u00e4 paremmin mit\u00e4 haluaa. \u00a0Pari p\u00e4iv\u00e4\u00e4 kest\u00e4v\u00e4n\u00a0kurssin aikana opetellaan WordPress -julkaisuj\u00e4rjestelm\u00e4n perusteet (yksikielinen verkkosivusto\u00a0<a href=\"https:\/\/srd.wordpress.org\/themes\/twentyfifteen\/\">Twenty Fifteen-teemalla<\/a>):<\/p>\n<p>WordPressin asennus (ennen kurssia)<br \/>\nWordpressiin perusk\u00e4ytt\u00f6<br \/>\n\u2013 mik\u00e4 on sivu?<br \/>\n\u2013 mik\u00e4 on postaus?<br \/>\n\u2013 miten tietoa julkaistaan?<br \/>\n\u2013 miten tietoa j\u00e4rjestet\u00e4\u00e4n (valikot, kategoriat, t\u00e4git)?<br \/>\n\u2013 miten kuvia julkaistaan ja asemoidaan?<br \/>\n\u2013 miten videota julkaistaan (Vimeosta embedaaminen)?<br \/>\n\u2013 miten voin vaikuttaa sivujen ulkoasuun?<br \/>\n\u2013 ent\u00e4s kun en muista tai tajua mit\u00e4\u00e4n mit\u00e4 kurssilla juteltiin, mist\u00e4 l\u00f6yd\u00e4n lis\u00e4\u00e4 tietoa?<\/p>\n<p>Kurssille tarvitsee mukaan omaan kannettavan tietokoneen, jossa langaton verkkoyhteys, digitaalisia kuvia omista teoksista sek\u00e4 teksti\u00e4 omista teoksista. \u00a0Kuvank\u00e4sittelyn perustaidot (Photoshop) on hyv\u00e4 olla olemassa kurssille tullessa.<\/p>\n<p>Kurssi on ilmainen, mutta osallistujien\u00a0tulee ennen kurssia hommata itselleen hosting-palvelu (sis\u00e4lt\u00e4en domainin), jonka tyypillinen vuosikustannus on noin 70-90 euroa. WordPress -julkaisuj\u00e4rjestelm\u00e4 asennetaan palvelimelle\u00a0ennen kurssin alkamista (t\u00e4h\u00e4n saa tarvittaessa suosituksia, apua sek\u00e4 ohjeet AV-arkin henkil\u00f6kunnalta).<\/p>\n<p>Lis\u00e4ksi toivomuksena\u00a0on ett\u00e4 jokainen kurssille osallistunut taiteilija neuvoo oppimansa taidot ainakin yhdelle omien verkkosivujensa kanssa jumittavalle taiteilijalle. N\u00e4in vertaistuen m\u00e4\u00e4r\u00e4 moninkertaistuu kent\u00e4ll\u00e4.<\/p>\n<p>Ensimm\u00e4inen koeryhm\u00e4 aloittaa toukokuun alussa ja seuraavia ryhmi\u00e4 suunnitellaan elokuulle. Kiinnostuneita j\u00e4sentaiteilijoita pyydet\u00e4\u00e4n laittamaan s\u00e4hk\u00f6postia Hannalle osoitteeseen members@av-arkki.fi<\/p>\n<p>[Kuva Erkki Kurenniemen teoksesta Computer Music]<\/p>\n","protected":false},"excerpt":{"rendered":"<p>Parahin j\u00e4sentaiteilija, Ovatko omat verkkosivusi j\u00e4\u00e4neet harkinnan tasolle tai py\u00f6riv\u00e4tk\u00f6\u00a0ne jonkun vanhan systeemin p\u00e4\u00e4ll\u00e4 johon et ole en\u00e4\u00e4 tyytyv\u00e4inen tai\u00a0jota et itse osaa p\u00e4ivitt\u00e4\u00e4? Hanna-t\u00e4din ATK-kerhossa ratkaistaan yhdess\u00e4&#8230; <a class=\"excerpt-read-more\" href=\"https:\/\/www.av-arkki.fi\/fi\/uutiset\/verkkosivut-vertaistuella-av-arkin-jasentaitailijoille\/\" title=\"ReadVerkkosivut vertaistuella AV-arkin j\u00e4sentaitailijoille\">Lue lis\u00e4\u00e4 \u00bb<\/a><\/p>\n","protected":false},"author":4,"featured_media":96608,"comment_status":"closed","ping_status":"open","sticky":false,"template":"","format":"standard","meta":{"_acf_changed":false,"footnotes":""},"categories":[1],"tags":[1341,1344,1346],"class_list":["post-96607","post","type-post","status-publish","format-standard","has-post-thumbnail","hentry","category-uutiset","tag-hankkeet","tag-tiedote-jasenille","tag-yleisinfo"],"acf":[],"_links":{"self":[{"href":"https:\/\/www.av-arkki.fi\/fi\/wp-json\/wp\/v2\/posts\/96607","targetHints":{"allow":["GET"]}}],"collection":[{"href":"https:\/\/www.av-arkki.fi\/fi\/wp-json\/wp\/v2\/posts"}],"about":[{"href":"https:\/\/www.av-arkki.fi\/fi\/wp-json\/wp\/v2\/types\/post"}],"author":[{"embeddable":true,"href":"https:\/\/www.av-arkki.fi\/fi\/wp-json\/wp\/v2\/users\/4"}],"replies":[{"embeddable":true,"href":"https:\/\/www.av-arkki.fi\/fi\/wp-json\/wp\/v2\/comments?post=96607"}],"version-history":[{"count":0,"href":"https:\/\/www.av-arkki.fi\/fi\/wp-json\/wp\/v2\/posts\/96607\/revisions"}],"wp:featuredmedia":[{"embeddable":true,"href":"https:\/\/www.av-arkki.fi\/fi\/wp-json\/wp\/v2\/media\/96608"}],"wp:attachment":[{"href":"https:\/\/www.av-arkki.fi\/fi\/wp-json\/wp\/v2\/media?parent=96607"}],"wp:term":[{"taxonomy":"category","embeddable":true,"href":"https:\/\/www.av-arkki.fi\/fi\/wp-json\/wp\/v2\/categories?post=96607"},{"taxonomy":"post_tag","embeddable":true,"href":"https:\/\/www.av-arkki.fi\/fi\/wp-json\/wp\/v2\/tags?post=96607"}],"curies":[{"name":"wp","href":"https:\/\/api.w.org\/{rel}","templated":true}]}}