{"id":652698,"date":"2020-02-13T14:01:40","date_gmt":"2020-02-13T11:01:40","guid":{"rendered":"https:\/\/www.av-arkki.fi\/?p=652698"},"modified":"2020-09-15T10:27:40","modified_gmt":"2020-09-15T07:27:40","slug":"kirpila20","status":"publish","type":"post","link":"https:\/\/www.av-arkki.fi\/fi\/uutiset\/kirpila20\/","title":{"rendered":"AV-arkin videotaidesarja Taidekoti Kirpil\u00e4ss\u00e4 tutkii televisiota ja tunteita"},"content":{"rendered":"\n<p><a rel=\"noreferrer noopener\" aria-label=\"Taidekoti Kirpil\u00e4ss\u00e4 (opens in a new tab)\" href=\"https:\/\/taidekotikirpila.fi\/\" target=\"_blank\">Taidekoti Kirpil\u00e4ss\u00e4<\/a> avattiin <a rel=\"noreferrer noopener\" aria-label=\"uusittu kokoelmaripustus (opens in a new tab)\" href=\"https:\/\/taidekotikirpila.fi\/taidekoti-kirpilan-uusi-ripustuskokonaisuus-rekonstruoi-juhani-kirpilan-kodin-arkisempaa-puolta-ja-esittelee-uutta-mediataidetta\/\" target=\"_blank\">uusittu kokoelmaripustus<\/a> alkukes\u00e4st\u00e4. Toinen Taidekodin suurista olohuoneista rekonstruoidaan muistuttamaan huoneen 1980-luvun lopun asua, eli aikaa, jolloin Juhani Kirpil\u00e4 ja Karl Rosenqvist asuivat asunnossa. Rekonstruoinnin kohteena oleva huone Taidekodissa on se, jossa Kirpil\u00e4n ja Rosenqvistin aikaan vietettiin arkista el\u00e4m\u00e4\u00e4, kun taas asunnon toinen puoli oli sisustettu juhlavastaanottoja silm\u00e4ll\u00e4pit\u00e4en \u2013 ja joka sen my\u00f6t\u00e4 nyky\u00e4\u00e4nkin muistuttaa uskollisemmin alkuper\u00e4ist\u00e4 asuaan.<\/p>\n\n\n\n<p>Uuden ripustuksen kunniaksi aukeaa 2.9.2020 yhteisty\u00f6ss\u00e4 AV-arkin kanssa tuotettu, AV-arkin ohjelmakoordinaattori Tytti Rantasen kuratoima videotaidesarja \u201dAs Seen on Television \u2013 Kuin kuvaruudussa\u201d, joka on n\u00e4ht\u00e4vill\u00e4 puolen vuoden ajan Taidekoti Kirpil\u00e4n aukioloaikoina.<\/p>\n\n\n\n<p>Televisio ja kotitallenteet ovat j\u00e4tt\u00e4neet syv\u00e4n j\u00e4ljen usean sukupolven identiteettiin ja tunnemuistiin. Mediakriittisyys on tarpeellisempaa kuin koskaan, mutta samalla on hyv\u00e4 pit\u00e4\u00e4 mieless\u00e4, miten liikkuva kuva my\u00f6s liikuttaa. Harhaanjohtamisen sijaan televisio ja video voivat my\u00f6s lujittaa sidett\u00e4 omaan yhteis\u00f6\u00f6n, oli se intiimi perheyhteys tai jaettu, laajempi piiri. Vaikka nauhat hiutuisivat puhki ja informaatio katoaisi, mielikuvitus, muisto ja tunne s\u00e4ilyv\u00e4t. <\/p>\n\n\n\n<p>Teemaan syvennyt\u00e4\u00e4n my\u00f6s taiteilijatapaamisissa. Ohjelmakoordinaattori Tytti Rantasen kanssa keskustelevat <a rel=\"noreferrer noopener\" aria-label=\"Mika Taanila ja Azar Saiyar 16.9 (opens in a new tab)\" href=\"https:\/\/www.facebook.com\/events\/297515511284247\" target=\"_blank\">Mika Taanila ja Azar Saiyar 16.9<\/a>., <a href=\"https:\/\/www.facebook.com\/events\/182357896525828\" target=\"_blank\" rel=\"noreferrer noopener\" aria-label=\"Marko Lampisuo ja Laura Horelli 7.10.  (opens in a new tab)\">Marko Lampisuo ja Laura Horelli 7.10. <\/a>sek\u00e4 <a rel=\"noreferrer noopener\" aria-label=\"Denise Ziegler 11.11. (opens in a new tab)\" href=\"https:\/\/www.facebook.com\/events\/253859212588751\" target=\"_blank\">Denise Ziegler 11.11.<\/a><\/p>\n\n\n\n<h2 class=\"wp-block-heading\">Luuppaavaan videotaidesarjaan sis\u00e4ltyv\u00e4t seuraavat teokset esitysj\u00e4rjestyksess\u00e4:<\/h2>\n\n\n\n<p><a href=\"https:\/\/www.av-arkki.fi\/fi\/works\/haukka-pala\/\">Laura Horelli: Haukka-Pala<\/a> (2009, 28:27)<\/p>\n\n\n\n<figure class=\"wp-block-image\"><img decoding=\"async\" src=\"https:\/\/www.av-arkki.fi\/wp-content\/uploads\/2020\/02\/showimage-15992.jpeg\" alt=\"\"\/><figcaption>Horelli: Haukka-Pala (2009)<\/figcaption><\/figure>\n\n\n\n<p>Tv-studion keitti\u00f6. Naisella on esiliina. H\u00e4n puhuu k\u00e4sinukkekoira Ransulle. Kello kuudelta illalla ohjelma esitet\u00e4\u00e4n YLE:n kanavalla. Nainen on Horellin \u00e4iti, joka kuoli tytt\u00e4ren ollessa kymmenenvuotias. Henkil\u00f6kohtaisen teoksen \u00e4\u00e4niraidalla kuulemme Horellia, joka etsii muistoja kuolleesta \u00e4idist\u00e4\u00e4n katsomalla arkistomateriaalin lavastettuja kohtauksia.<\/p>\n\n\n\n<p><a href=\"https:\/\/www.av-arkki.fi\/fi\/works\/etaisyyden-monumentti\/\">Azar Saiyar: Et\u00e4isyyden monumentti <\/a>(2018, 07:00)<\/p>\n\n\n\n<figure class=\"wp-block-image\"><img decoding=\"async\" src=\"http:\/\/www.av-arkki.fi\/database\/press\/W_C4713_L_2.jpg\" alt=\"\"\/><figcaption>Saiyar: Et\u00e4isyyden monumentti (2017)<\/figcaption><\/figure>\n\n\n\n<p>Tunnettu iranilais-azerbaid\u017eanilainen laulaja Googoosh esitt\u00e4\u00e4 version kappaleesta Ayr\u0131l\u0131q, suomeksi \u201dEro&#8221;. Lauluesitys on osa 1970-luvun televisio-ohjelmaa ja kopioitu moneen kertaan videokasetilta toiselle.&nbsp; Kyseess\u00e4 voisi olla rakkauslaulu, mutta taustaksi kerrotaan tarinaa Neuvosto-Azerbaid\u017eanista&nbsp; Iraniin l\u00e4hteneen s\u00e4velt\u00e4j\u00e4n Ali Salimin halusta tehd\u00e4 musiikkia kaipuustaan.\ufeff<\/p>\n\n\n\n<p><a href=\"https:\/\/www.av-arkki.fi\/fi\/works\/tulevaisuuden-aaveet\/\">Marko Lampisuo: Tulevaisuuden aaveet <\/a>(2012, 06:00)<\/p>\n\n\n\n<figure class=\"wp-block-image\"><img decoding=\"async\" src=\"https:\/\/www.av-arkki.fi\/wp-content\/uploads\/2020\/02\/showimage-18864.jpeg\" alt=\"\"\/><figcaption>Lampisuo: Tulevaisuuden aaveet (2012)<\/figcaption><\/figure>\n\n\n\n<p>Sukupolvesta toiseen vanha portaikko tarjoaa puitteet juhlap\u00e4iv\u00e4n ryhm\u00e4kuvalle. Kuva rakentaa k\u00e4sityst\u00e4 itsest\u00e4 sek\u00e4 suhteesta muihin. Se on peili, jonka heijastusten taa alkuper\u00e4inen tilanne k\u00e4tkeytyy. Muistikuva muuttaa olemustaan jatkuvasti. Kuva muistaa, mutta vaikenee.\ufeff\ufeff<\/p>\n\n\n\n<p><a href=\"https:\/\/www.av-arkki.fi\/fi\/works\/kiila-verbranntes-land\/\">Mika Taanila: Kiila: Verbranntes Land<\/a> (2002, 06:38)<\/p>\n\n\n\n<figure class=\"wp-block-image\"><img decoding=\"async\" src=\"http:\/\/www.av-arkki.fi\/database\/press\/W_C1475_L.jpg\" alt=\"\"\/><figcaption>Taanila: Kiila: Verbranntes Land (2002)<\/figcaption><\/figure>\n\n\n\n<p>Taanila n\u00e4ytt\u00e4\u00e4, kuinka videokuva turmeltuu ahkerassa k\u00e4yt\u00f6ss\u00e4. Kuinka se muuttuu sit\u00e4 v\u00e4hemm\u00e4n erotettavaksi mit\u00e4 useammin sit\u00e4 kopioidaan&nbsp;\u2013 maa korventuu, ohjeiden merkitys h\u00e4vi\u00e4\u00e4 ylenpalttisen k\u00e4yt\u00f6n j\u00e4ljilt\u00e4. Halu on annettu, sitten pois otettu. (Olaf M\u00f6ller)<\/p>\n\n\n\n<p><a href=\"https:\/\/www.av-arkki.fi\/fi\/works\/as-seen-on-television\/\">Denise Ziegler: As Seen on Television<\/a> (1996, 03:05)<\/p>\n\n\n\n<figure class=\"wp-block-image\"><img decoding=\"async\" src=\"http:\/\/www.av-arkki.fi\/database\/press\/W_C1704_L_2.jpg\" alt=\"\"\/><figcaption>Ziegler: As Seen on Television (1996)<\/figcaption><\/figure>\n\n\n\n<p>Video kyvyst\u00e4 k\u00e4ytt\u00e4\u00e4 mielikuvitusta.<\/p>\n\n\n\n<hr class=\"wp-block-separator\"\/>\n\n\n\n<p>As Seen on Television &#8211; Kuin kuvaruudussa, 2.9.2020-, Taidekoti Kirpil\u00e4, Helsinki<\/p>\n\n\n\n<p>Lis\u00e4tietoa: <a rel=\"noreferrer noopener\" aria-label=\"Taidekoti Kirpil\u00e4 (opens in a new tab)\" href=\"https:\/\/taidekotikirpila.fi\/\" target=\"_blank\">Taidekoti Kirpil\u00e4<\/a><\/p>\n\n\n\n<hr class=\"wp-block-separator\"\/>\n\n\n\n<h3 class=\"wp-block-heading\">AV-ARKKI ON EDIST\u00c4NYT SUOMALAISEN MEDIATAITEEN ASEMAA VUODESTA 1989. TAITEILIJAT OSALLISTUVAT T\u00c4H\u00c4N TAPAHTUMAAN AV-ARKIN EDIST\u00c4MISTY\u00d6N ANSIOSTA.<\/h3>\n","protected":false},"excerpt":{"rendered":"<p>Taidekoti Kirpil\u00e4ss\u00e4 avattiin uusittu kokoelmaripustus alkukes\u00e4st\u00e4. Toinen Taidekodin suurista olohuoneista rekonstruoidaan muistuttamaan huoneen 1980-luvun lopun asua, eli aikaa, jolloin Juhani Kirpil\u00e4 ja Karl Rosenqvist asuivat asunnossa. Rekonstruoinnin kohteena&#8230; <a class=\"excerpt-read-more\" href=\"https:\/\/www.av-arkki.fi\/fi\/uutiset\/kirpila20\/\" title=\"ReadAV-arkin videotaidesarja Taidekoti Kirpil\u00e4ss\u00e4 tutkii televisiota ja tunteita\">Lue lis\u00e4\u00e4 \u00bb<\/a><\/p>\n","protected":false},"author":10,"featured_media":652699,"comment_status":"closed","ping_status":"closed","sticky":false,"template":"","format":"standard","meta":{"_acf_changed":false,"footnotes":""},"categories":[1],"tags":[1337,1338],"class_list":["post-652698","post","type-post","status-publish","format-standard","has-post-thumbnail","hentry","category-uutiset","tag-av-arkin-levitystoiminta","tag-helsinki"],"acf":[],"_links":{"self":[{"href":"https:\/\/www.av-arkki.fi\/fi\/wp-json\/wp\/v2\/posts\/652698","targetHints":{"allow":["GET"]}}],"collection":[{"href":"https:\/\/www.av-arkki.fi\/fi\/wp-json\/wp\/v2\/posts"}],"about":[{"href":"https:\/\/www.av-arkki.fi\/fi\/wp-json\/wp\/v2\/types\/post"}],"author":[{"embeddable":true,"href":"https:\/\/www.av-arkki.fi\/fi\/wp-json\/wp\/v2\/users\/10"}],"replies":[{"embeddable":true,"href":"https:\/\/www.av-arkki.fi\/fi\/wp-json\/wp\/v2\/comments?post=652698"}],"version-history":[{"count":0,"href":"https:\/\/www.av-arkki.fi\/fi\/wp-json\/wp\/v2\/posts\/652698\/revisions"}],"wp:featuredmedia":[{"embeddable":true,"href":"https:\/\/www.av-arkki.fi\/fi\/wp-json\/wp\/v2\/media\/652699"}],"wp:attachment":[{"href":"https:\/\/www.av-arkki.fi\/fi\/wp-json\/wp\/v2\/media?parent=652698"}],"wp:term":[{"taxonomy":"category","embeddable":true,"href":"https:\/\/www.av-arkki.fi\/fi\/wp-json\/wp\/v2\/categories?post=652698"},{"taxonomy":"post_tag","embeddable":true,"href":"https:\/\/www.av-arkki.fi\/fi\/wp-json\/wp\/v2\/tags?post=652698"}],"curies":[{"name":"wp","href":"https:\/\/api.w.org\/{rel}","templated":true}]}}