{"id":186297,"date":"2019-07-03T10:48:51","date_gmt":"2019-07-03T07:48:51","guid":{"rendered":"https:\/\/www.av-arkki.fi\/?p=186297"},"modified":"2019-07-03T10:49:41","modified_gmt":"2019-07-03T07:49:41","slug":"mediaboxi-arlander19","status":"publish","type":"post","link":"https:\/\/www.av-arkki.fi\/fi\/uutiset\/mediaboxi-arlander19\/","title":{"rendered":"Anette Arlanderin Lichen at Allinge Forum Boxin Mediaboxissa 19.7.\u201311.8."},"content":{"rendered":"\n<p>Anette Arlanderin teos <a href=\"https:\/\/forumbox.fi\/exhibition\/annette-arlander\/\">Lichen at Allinge<\/a> on esill\u00e4 <a href=\"https:\/\/forumbox.fi\/\" target=\"_blank\" rel=\"noreferrer noopener\" aria-label=\"Forum Boxin Mediaboxissa (opens in a new tab)\">Forum Boxin Mediaboxissa<\/a> 19.7.\u201311.8.<\/p>\n\n\n\n<p><a href=\"https:\/\/www.av-arkki.fi\/fi\/works\/lichen-at-allinge\/\">Lichen at Allinge&nbsp;t<\/a>ai J\u00e4k\u00e4li\u00e4 Allingen luona on kaksiosainen videoteos, joka esitet\u00e4\u00e4n Mediaboxissa jaetulta kuvaruudulta. Ensimm\u00e4inen osa, vasemmalla, on kuvattu illalla 26 maaliskuuta 2016 ja toinen osa, oikealla, illalla 27 maaliskuuta 2016 Sandk\u00e5s- ja Allinge-kylien v\u00e4lill\u00e4 Bornholmin saaren luoteisrannalla etel\u00e4isell\u00e4 It\u00e4merell\u00e4. Ensimm\u00e4isess\u00e4 osassa tummanviolettiin takkiin ja myssyyn puettu ihmishahmo seisoo keltaisten j\u00e4k\u00e4lien peitt\u00e4mien kivien joukossa. Toisessa osassa kivet j\u00e4k\u00e4lineen seisovat itsekseen.<\/p>\n\n\n\n<p><a href=\"https:\/\/www.av-arkki.fi\/fi\/artists\/annette-arlander\/\">Annette Kristina Arlander<\/a> (s. 1956) on taiteilija, tutkija ja opettaja, joka asuu ja ty\u00f6skentelee Helsingiss\u00e4. Arlander kuuluu suomalaisen esitystaiteen\/performanssitaiteen uranuurtajiin ja taiteellisen tutkimuksen edell\u00e4k\u00e4vij\u00f6ihin. H\u00e4n on valmistunut teatteriohjaajaksi 1981 ja teatteritaiteen tohtoriksi 1999. Arlander on ty\u00f6skennellyt esitystaiteen ja teorian professorina Teatterikorkeakoulussa 2001\u20132013, taiteellisen tutkimuksen professorina Taideyliopistossa 2015\u20132016, vierailevana professorina Stockholms Konstn\u00e4rliga H\u00f6gskolassa 2015\u20132016, taiteellisena tutkijana Helsinki Collegium for Advanced Studiesissa 2017 sek\u00e4 performanssin, taiteen ja teorian professorina Stockholms Konstn\u00e4rliga H\u00f6gskolassa 2018\u20132019.<\/p>\n\n\n\n<p>Mediaboxi on Forum Boxin tila mediataiteelle. Uusinta mediataidetta esittelev\u00e4 ohjelmisto suunnitellaan yhteisty\u00f6ss\u00e4 AV-arkin kanssa. Tila toimii nyt yhten\u00e4 t\u00e4rke\u00e4n\u00e4 kanavana mediataiteelle. Tervetuloa n\u00e4yttelyn avajaisiin torstaina 18.7. klo 17\u201319!<\/p>\n\n\n\n<hr class=\"wp-block-separator\"\/>\n\n\n\n<p>Anette Arlander: Lichen at Allinge 19.7.\u201311.8. Forum Boxin Mediaboxissa<\/p>\n\n\n\n<p>Lis\u00e4tietoa: <a href=\"https:\/\/forumbox.fi\/\" target=\"_blank\" rel=\"noreferrer noopener\" aria-label=\"Forum Box (opens in a new tab)\">Forum Box<\/a><\/p>\n\n\n\n<hr class=\"wp-block-separator\"\/>\n\n\n\n<h3 class=\"wp-block-heading\">AV-ARKKI ON EDIST\u00c4NYT SUOMALAISEN MEDIATAITEEN ASEMAA VUODESTA 1989. TAITEILIJAT OSALLISTUVAT T\u00c4H\u00c4N TAPAHTUMAAN AV-ARKIN EDIST\u00c4MISTY\u00d6N ANSIOSTA.<\/h3>\n","protected":false},"excerpt":{"rendered":"<p>Anette Arlanderin teos Lichen at Allinge on esill\u00e4 Forum Boxin Mediaboxissa 19.7.\u201311.8. Lichen at Allinge&nbsp;tai J\u00e4k\u00e4li\u00e4 Allingen luona on kaksiosainen videoteos, joka esitet\u00e4\u00e4n Mediaboxissa jaetulta kuvaruudulta. Ensimm\u00e4inen osa,&#8230; <a class=\"excerpt-read-more\" href=\"https:\/\/www.av-arkki.fi\/fi\/uutiset\/mediaboxi-arlander19\/\" title=\"ReadAnette Arlanderin Lichen at Allinge Forum Boxin Mediaboxissa 19.7.\u201311.8.\">Lue lis\u00e4\u00e4 \u00bb<\/a><\/p>\n","protected":false},"author":4,"featured_media":186298,"comment_status":"closed","ping_status":"open","sticky":false,"template":"","format":"standard","meta":{"_acf_changed":false,"footnotes":""},"categories":[1],"tags":[1337,1338,1340],"class_list":["post-186297","post","type-post","status-publish","format-standard","has-post-thumbnail","hentry","category-uutiset","tag-av-arkin-levitystoiminta","tag-helsinki","tag-mediabox"],"acf":[],"_links":{"self":[{"href":"https:\/\/www.av-arkki.fi\/fi\/wp-json\/wp\/v2\/posts\/186297","targetHints":{"allow":["GET"]}}],"collection":[{"href":"https:\/\/www.av-arkki.fi\/fi\/wp-json\/wp\/v2\/posts"}],"about":[{"href":"https:\/\/www.av-arkki.fi\/fi\/wp-json\/wp\/v2\/types\/post"}],"author":[{"embeddable":true,"href":"https:\/\/www.av-arkki.fi\/fi\/wp-json\/wp\/v2\/users\/4"}],"replies":[{"embeddable":true,"href":"https:\/\/www.av-arkki.fi\/fi\/wp-json\/wp\/v2\/comments?post=186297"}],"version-history":[{"count":0,"href":"https:\/\/www.av-arkki.fi\/fi\/wp-json\/wp\/v2\/posts\/186297\/revisions"}],"wp:featuredmedia":[{"embeddable":true,"href":"https:\/\/www.av-arkki.fi\/fi\/wp-json\/wp\/v2\/media\/186298"}],"wp:attachment":[{"href":"https:\/\/www.av-arkki.fi\/fi\/wp-json\/wp\/v2\/media?parent=186297"}],"wp:term":[{"taxonomy":"category","embeddable":true,"href":"https:\/\/www.av-arkki.fi\/fi\/wp-json\/wp\/v2\/categories?post=186297"},{"taxonomy":"post_tag","embeddable":true,"href":"https:\/\/www.av-arkki.fi\/fi\/wp-json\/wp\/v2\/tags?post=186297"}],"curies":[{"name":"wp","href":"https:\/\/api.w.org\/{rel}","templated":true}]}}