{"id":1860905,"date":"2026-08-31T11:06:50","date_gmt":"2026-08-31T08:06:50","guid":{"rendered":"https:\/\/www.av-arkki.fi\/?p=1860905"},"modified":"2026-08-31T11:06:51","modified_gmt":"2026-08-31T08:06:51","slug":"arttu-niemisen-hans-pieskin-maailman-katveessa-mailmmittkus-at-the-shadow-of-the-world-esilla-mediaboxissa-4-27-9-2026","status":"publish","type":"post","link":"https:\/\/www.av-arkki.fi\/fi\/uutiset\/arttu-niemisen-hans-pieskin-maailman-katveessa-mailmmittkus-at-the-shadow-of-the-world-esilla-mediaboxissa-4-27-9-2026\/","title":{"rendered":"Arttu Niemisen &amp; Hans Pieskin Maailman katveessa \/ M\u00e1ilmmittkus \/ At the Shadow of the World esill\u00e4 Mediaboxissa 4.\u201327.9.2026"},"content":{"rendered":"\n<p class=\"wp-block-paragraph\"><a href=\"https:\/\/www.av-arkki.fi\/fi\/works\/mailmmittkus\/\">Maailman katveessa \/ M\u00e1ilmmittkus \/ At the Shadow of the World<\/a><em> <\/em>(2025) on surrealistinen matka alkuper\u00e4iskansojen ja teknologisen kehityksen monimutkaiseen suhteeseen. Teos tarkastelee teknologian eri vaiheita ja niiden vaikutuksia alkuper\u00e4iskansojen el\u00e4m\u00e4\u00e4n, kulttuuriin ja suhteeseen maahan.<\/p>\n\n\n\n<p class=\"wp-block-paragraph\">Moderni teknologia n\u00e4hd\u00e4\u00e4n usein kest\u00e4vien, maahan sidottujen el\u00e4m\u00e4ntapojen murentajana. Samalla my\u00f6s saamelaiset ovat ainakin osittain omaksuneet ja hy\u00f6dynt\u00e4neet teknologista murrosta. Teos liikkuu t\u00e4m\u00e4n j\u00e4nnitteen keskell\u00e4 ja kysyy, millainen suhde nykyteknologialla on saamelaiskulttuuriin t\u00e4n\u00e4\u00e4n. Onko teknologiasta irtautuminen en\u00e4\u00e4 mahdollista, ja mill\u00e4 ehdoilla siihen osallistuminen on moraalisesti perusteltua, jos samalla ymp\u00e4rist\u00f6 kantaa seuraukset?<\/p>\n\n\n\n<p class=\"wp-block-paragraph\">Teoksen taustalla kulkee <strong>Niillas Holmbergin<\/strong> runollinen ajattelu teknologian nopeasta integroitumisesta osaksi alkuper\u00e4iskulttuuria, asettaen vastakkain esi-is\u00e4t ja j\u00e4lkel\u00e4iset, hitaan el\u00e4m\u00e4ntavan ja hektisen nykyajan, el\u00e4v\u00e4n perinteen ja maailman, jossa kaikki n\u00e4ytt\u00e4\u00e4 muuttuvan mitattavaksi, tehokkaaksi ja kaupallistettavaksi. Erityisesti poronhoidon moottoroituminen toimii teoksen ajattelussa esimerkkin\u00e4 kehityksest\u00e4, jossa yhden omaksuma teknologia pakottaa muut seuraamaan per\u00e4ss\u00e4. Kun toiminta kallistuu, sen on my\u00f6s tuotettava, ja ansa sulkeutuu.<\/p>\n\n\n\n<p class=\"wp-block-paragraph\"><strong>Hans Pieskin<\/strong> ja <strong>Arttu Niemisen<\/strong> yhteisty\u00f6ss\u00e4 kohtaavat kaksi erilaista mutta toisiaan resonoivaa pohjoista kuvallista maailmaa. Utsjokelainen saamelainen elokuvantekij\u00e4 Hans Pieski rakentaa visuaalisia kertomuksia, joissa alkuper\u00e4iskulttuuri, arktinen ymp\u00e4rist\u00f6 ja surrealistinen kuvakieli lomittuvat toisiinsa. Rovaniemel\u00e4inen mediataiteilija <a href=\"https:\/\/www.av-arkki.fi\/fi\/artists\/arttu-nieminen\/\">Arttu Nieminen<\/a> tunnetaan mystisist\u00e4, virtaavista ja meditatiivisista teoksistaan, jotka l\u00e4hestyv\u00e4t luontoa unenomaisena ja hallusinatorisena tilana. Yhdess\u00e4 heid\u00e4n ilmaisunsa avaa n\u00e4kym\u00e4n maailman katveeseen, alueelle jossa teknologia, kulttuuri, maisema ja muisti t\u00f6rm\u00e4\u00e4v\u00e4t toisiinsa.<\/p>\n\n\n\n<p class=\"wp-block-paragraph\">Teos on tuotettu R2 Productionsin ja Dead Standing Tree Filmsin toimesta ja sit\u00e4 on tukenut ISFI, SKR, Taike, AVEK ja Frame.<\/p>\n\n\n\n<hr class=\"wp-block-separator has-alpha-channel-opacity\"\/>\n\n\n\n<p class=\"wp-block-paragraph\">Arttu Nieminen &amp; Hans Pieski: Maailman katveessa \/ M\u00e1ilmmittkus \/ At the Shadow of the World <br>4.\u201327.9.2026<br>Forum Box \/ Mediabox<br>Helsinki<br><br>Lis\u00e4tiedot: <a href=\"https:\/\/forumbox.fi\/exhibition\/maailman-katveessa-mailmmittkus-at-the-shadow-of-the-world\/\">Forum Box<\/a><\/p>\n\n\n\n<p class=\"wp-block-paragraph\">Mediabox on <a href=\"https:\/\/forumbox.fi\/\">Forum Boxin<\/a> tila mediataiteelle. Uusinta mediataidetta esittelev\u00e4 ohjelmisto kuratoidaan yhteisty\u00f6ss\u00e4 AV-arkin kanssa. <\/p>\n\n\n\n<p class=\"wp-block-paragraph\">Vuoden 2026 ohjelmiston ovat kuratoineet ty\u00f6harjoittelun Forum Boxissa vuonna 2025 suorittanut kuvataiteilija Navid Afzalnia, Forum Boxin toiminnanjohtaja Kamilla Billiers ja AV-arkin ohjelmakoordinaattori Avreno Heikka.<\/p>\n\n\n\n<p class=\"wp-block-paragraph\">Mediaboxiin on kolme porrasta, mutta esitett\u00e4v\u00e4 videoteos on mahdollista katsoa tabletilta Forum Boxin katutason tiloissa. Voit pyyt\u00e4\u00e4 tabletin lainaan Forum Boxin henkil\u00f6kunnalta.<\/p>\n","protected":false},"excerpt":{"rendered":"<p>Maailman katveessa \/ M\u00e1ilmmittkus \/ At the Shadow of the World (2025) on surrealistinen matka alkuper\u00e4iskansojen ja teknologisen kehityksen monimutkaiseen suhteeseen. Teos tarkastelee teknologian eri vaiheita ja niiden&#8230; <a class=\"excerpt-read-more\" href=\"https:\/\/www.av-arkki.fi\/fi\/uutiset\/arttu-niemisen-hans-pieskin-maailman-katveessa-mailmmittkus-at-the-shadow-of-the-world-esilla-mediaboxissa-4-27-9-2026\/\" title=\"ReadArttu Niemisen &amp; Hans Pieskin Maailman katveessa \/ M\u00e1ilmmittkus \/ At the Shadow of the World esill\u00e4 Mediaboxissa 4.\u201327.9.2026\">Lue lis\u00e4\u00e4 \u00bb<\/a><\/p>\n","protected":false},"author":10,"featured_media":1858598,"comment_status":"closed","ping_status":"closed","sticky":false,"template":"","format":"standard","meta":{"_acf_changed":false,"footnotes":""},"categories":[1],"tags":[1337,1338,1342],"class_list":["post-1860905","post","type-post","status-publish","format-standard","has-post-thumbnail","hentry","category-uutiset","tag-av-arkin-levitystoiminta","tag-helsinki","tag-kotimaa"],"acf":[],"_links":{"self":[{"href":"https:\/\/www.av-arkki.fi\/fi\/wp-json\/wp\/v2\/posts\/1860905","targetHints":{"allow":["GET"]}}],"collection":[{"href":"https:\/\/www.av-arkki.fi\/fi\/wp-json\/wp\/v2\/posts"}],"about":[{"href":"https:\/\/www.av-arkki.fi\/fi\/wp-json\/wp\/v2\/types\/post"}],"author":[{"embeddable":true,"href":"https:\/\/www.av-arkki.fi\/fi\/wp-json\/wp\/v2\/users\/10"}],"replies":[{"embeddable":true,"href":"https:\/\/www.av-arkki.fi\/fi\/wp-json\/wp\/v2\/comments?post=1860905"}],"version-history":[{"count":0,"href":"https:\/\/www.av-arkki.fi\/fi\/wp-json\/wp\/v2\/posts\/1860905\/revisions"}],"wp:featuredmedia":[{"embeddable":true,"href":"https:\/\/www.av-arkki.fi\/fi\/wp-json\/wp\/v2\/media\/1858598"}],"wp:attachment":[{"href":"https:\/\/www.av-arkki.fi\/fi\/wp-json\/wp\/v2\/media?parent=1860905"}],"wp:term":[{"taxonomy":"category","embeddable":true,"href":"https:\/\/www.av-arkki.fi\/fi\/wp-json\/wp\/v2\/categories?post=1860905"},{"taxonomy":"post_tag","embeddable":true,"href":"https:\/\/www.av-arkki.fi\/fi\/wp-json\/wp\/v2\/tags?post=1860905"}],"curies":[{"name":"wp","href":"https:\/\/api.w.org\/{rel}","templated":true}]}}