{"id":1860842,"date":"2026-08-31T09:55:54","date_gmt":"2026-08-31T06:55:54","guid":{"rendered":"https:\/\/www.av-arkki.fi\/?p=1860842"},"modified":"2026-08-31T09:57:37","modified_gmt":"2026-08-31T06:57:37","slug":"heidi-piiroisen-i-am-a-river-esitetaan-sammatti-film-festivalilla-5-6-9-2026","status":"publish","type":"post","link":"https:\/\/www.av-arkki.fi\/fi\/uutiset\/heidi-piiroisen-i-am-a-river-esitetaan-sammatti-film-festivalilla-5-6-9-2026\/","title":{"rendered":"Heidi Piiroisen I am a River esitet\u00e4\u00e4n Sammatti Film Festivalilla (5.\u20136.9.2026)"},"content":{"rendered":"\n<p class=\"wp-block-paragraph\">Heidi Piiroisen Rotterdamin elokuvajuhlilla ensi-iltansa saanut elokuva <em>I am a River <\/em>esitet\u00e4\u00e4n syyskuussa Sammatti Film Festivalilla.<br><br>Elokuva esitet\u00e4\u00e4n lyhytelokuvan\u00e4yt\u00f6ksess\u00e4 <em>Gaia<\/em> sunnuntaina 6. syyskuuta 2026 klo 18.30.<br><br><a href=\"https:\/\/www.av-arkki.fi\/fi\/works\/i-am-a-river\/\">I am a River<\/a> (2026) on kokeellinen lyhytelokuva veden kantamista n\u00e4kym\u00e4tt\u00f6mist\u00e4 tarinoista. Elokuva on saanut inspiraationsa Pablo Nerudan Kysymysten kirjasta \u2013 kokoelmasta lyyrisi\u00e4, vastauksia kaihtavia runoja, jotka esitt\u00e4v\u00e4t paradoksaalisia ja leikittelevi\u00e4 kysymyksi\u00e4 luonnosta, el\u00e4m\u00e4st\u00e4 ja maailmankaikkeudesta. Teos yhdist\u00e4\u00e4 poeettisen tarkastelun visuaaliseen abstraktioon mordan\u00e7age-tekniikan avulla. Sen luomat verhomaiset muodot heijastavat jokien virtaavaa, haurasta ja alati muuttuvaa olemusta ja ehdottavat, ett\u00e4 joet ovat el\u00e4vi\u00e4 olentoja \u2013 aivan kuten ihmisetkin.<\/p>\n\n\n\n<p class=\"wp-block-paragraph\">Elokuvan on tuottanut <a href=\"https:\/\/paloartproductions.com\/\">PALO<\/a>.<\/p>\n\n\n\n<p class=\"wp-block-paragraph\"><strong>Heidi Piiroinen<\/strong> (s. 1978, Tampere) on Helsingiss\u00e4 asuva kuvataiteilija, jonka ty\u00f6skentely liikkuu valokuvan, kokeellisen elokuvan ja installaation alueilla. Dokumentaarisen kerronnan ja lehtikuvauksen tausta on muovannut h\u00e4nen ilmaisuaan, mutta viime vuosina h\u00e4nen taiteellinen praktiikkansa on suuntautunut yh\u00e4 intiimimp\u00e4\u00e4n ja prosessil\u00e4ht\u00f6isemp\u00e4\u00e4n ty\u00f6skentelyyn<\/p>\n\n\n\n<p class=\"wp-block-paragraph\">Piiroinen yhdist\u00e4\u00e4 ty\u00f6ss\u00e4\u00e4n analogisia menetelmi\u00e4, kuten mordan\u00e7age-tekniikkaa ja 16 mm -filmi\u00e4, teksti\u00e4, arkistoaineistoja ja yhteis\u00f6llisi\u00e4 ty\u00f6skentelytapoja. H\u00e4nen nykyinen ty\u00f6skentelyns\u00e4 pyrkii luomaan tilaa haavoittuvuudelle, hiljaisuudelle ja kuuntelemiselle \u2013 sek\u00e4 kuvassa ett\u00e4 koettuna kokemuksena.<\/p>\n\n\n\n<p class=\"wp-block-paragraph\">Piiroinen on saanut muun muassa Valtion tiedonjulkistamispalkinnon ja Patricia Sepp\u00e4l\u00e4n s\u00e4\u00e4ti\u00f6n valokuvajournalismipalkinnon.<\/p>\n\n\n\n<hr class=\"wp-block-separator has-alpha-channel-opacity\"\/>\n\n\n\n<p class=\"wp-block-paragraph\">Sammatti Film Festival<br>5.\u20136.9.2026<br>Sammatti<br><br>Lis\u00e4tiedot: Sammatti Film Festival: <a href=\"https:\/\/sammattifilmfestival.fi\/gaia\/\">Gaia<\/a><br><\/p>\n","protected":false},"excerpt":{"rendered":"<p>Heidi Piiroisen Rotterdamin elokuvajuhlilla ensi-iltansa saanut elokuva I am a River esitet\u00e4\u00e4n syyskuussa Sammatti Film Festivalilla. Elokuva esitet\u00e4\u00e4n lyhytelokuvan\u00e4yt\u00f6ksess\u00e4 Gaia sunnuntaina 6. syyskuuta 2026 klo 18.30. I am&#8230; <a class=\"excerpt-read-more\" href=\"https:\/\/www.av-arkki.fi\/fi\/uutiset\/heidi-piiroisen-i-am-a-river-esitetaan-sammatti-film-festivalilla-5-6-9-2026\/\" title=\"ReadHeidi Piiroisen I am a River esitet\u00e4\u00e4n Sammatti Film Festivalilla (5.\u20136.9.2026)\">Lue lis\u00e4\u00e4 \u00bb<\/a><\/p>\n","protected":false},"author":10,"featured_media":1860859,"comment_status":"closed","ping_status":"closed","sticky":false,"template":"","format":"standard","meta":{"_acf_changed":false,"footnotes":""},"categories":[1],"tags":[1337,1342],"class_list":["post-1860842","post","type-post","status-publish","format-standard","has-post-thumbnail","hentry","category-uutiset","tag-av-arkin-levitystoiminta","tag-kotimaa"],"acf":[],"_links":{"self":[{"href":"https:\/\/www.av-arkki.fi\/fi\/wp-json\/wp\/v2\/posts\/1860842","targetHints":{"allow":["GET"]}}],"collection":[{"href":"https:\/\/www.av-arkki.fi\/fi\/wp-json\/wp\/v2\/posts"}],"about":[{"href":"https:\/\/www.av-arkki.fi\/fi\/wp-json\/wp\/v2\/types\/post"}],"author":[{"embeddable":true,"href":"https:\/\/www.av-arkki.fi\/fi\/wp-json\/wp\/v2\/users\/10"}],"replies":[{"embeddable":true,"href":"https:\/\/www.av-arkki.fi\/fi\/wp-json\/wp\/v2\/comments?post=1860842"}],"version-history":[{"count":0,"href":"https:\/\/www.av-arkki.fi\/fi\/wp-json\/wp\/v2\/posts\/1860842\/revisions"}],"wp:featuredmedia":[{"embeddable":true,"href":"https:\/\/www.av-arkki.fi\/fi\/wp-json\/wp\/v2\/media\/1860859"}],"wp:attachment":[{"href":"https:\/\/www.av-arkki.fi\/fi\/wp-json\/wp\/v2\/media?parent=1860842"}],"wp:term":[{"taxonomy":"category","embeddable":true,"href":"https:\/\/www.av-arkki.fi\/fi\/wp-json\/wp\/v2\/categories?post=1860842"},{"taxonomy":"post_tag","embeddable":true,"href":"https:\/\/www.av-arkki.fi\/fi\/wp-json\/wp\/v2\/tags?post=1860842"}],"curies":[{"name":"wp","href":"https:\/\/api.w.org\/{rel}","templated":true}]}}