{"id":1859867,"date":"2026-01-06T12:04:09","date_gmt":"2026-01-06T09:04:09","guid":{"rendered":"https:\/\/www.av-arkki.fi\/?p=1859867"},"modified":"2026-01-08T11:00:28","modified_gmt":"2026-01-08T08:00:28","slug":"sini-pelkin-present-2024-esilla-mediaboxissa-7-1-1-2-2026","status":"publish","type":"post","link":"https:\/\/www.av-arkki.fi\/fi\/uutiset\/sini-pelkin-present-2024-esilla-mediaboxissa-7-1-1-2-2026\/","title":{"rendered":"Sini Pelkin Present (2024) esill\u00e4 Mediaboxissa 7.1.\u20131.2.2026"},"content":{"rendered":"\n<p><strong>Sini Pelkin<\/strong> filmi <em>Present<\/em> on jatkumo tiloja ja tilanteita, joita tulkitaan kameran linssin ja peilien heijastusten l\u00e4pi. Teos muodottaa liikkuvan kuvan rakentuneisuutta, kameralla taltioimisen koreografisuutta sek\u00e4 kuvaamisen ja kuvaan asettumisen aktia. Teokseen taltioidut esitykset ovat nimenomaan kuvaustilanteita, niiden m\u00e4\u00e4ritelty olemus tulee selv\u00e4ksi kameran l\u00e4sn\u00e4olon kautta. Kamera on ik\u00e4\u00e4n kuin teoksen keskeinen hahmo, samalla kun toimijuuden saavat my\u00f6s kalliosein\u00e4m\u00e4 ja maisema, interi\u00f6\u00f6ri ja seiniin nojaavat lasilevyt, \u00e4\u00e4net, ihmiskeho, yksitt\u00e4iset asennot ja eleet, niiden v\u00e4liin j\u00e4\u00e4v\u00e4 tila ja aika.<\/p>\n\n\n\n<p>Teoksen kuvaamiin tilanteisiin liittyv\u00e4 avoimuus ja toisaalta m\u00e4\u00e4rittelyn rajat eli kameran taltioimat ja taltioimisen ulkopuolelle j\u00e4\u00e4v\u00e4t yksityiskohdat ja tapahtumat rakentavat kokemuksen, jossa se mit\u00e4 n\u00e4hd\u00e4\u00e4n, on jatkuvassa vuorovaikutuksessa suhteessa siihen, mik\u00e4 on n\u00e4kym\u00e4tt\u00f6miss\u00e4, kameran takana, ulkopuolella, tapahtunut aiemmin tai vasta tapahtumassa.<\/p>\n\n\n\n<p>Lue kuraattori ja kuvataiteilija <strong>Arttu Merimaan<\/strong> kirjoittama n\u00e4yttelyteksti kokonaisuudessaan <a href=\"https:\/\/forumbox.fi\/exhibition\/sini-pelkki\/\">Forum Boxin verkkosivuilta<\/a>.<\/p>\n\n\n\n<p><a href=\"https:\/\/www.av-arkki.fi\/fi\/artists\/sini-pelkki\/\">Sini Pelkki<\/a> on Helsingiss\u00e4 toimiva kuvataiteilija. H\u00e4n ty\u00f6skentelee valokuvan, liikkuvan kuvan, tilan ja sen rytmin kanssa. Pelkin viimeisin n\u00e4yttely <em>Allow<\/em><strong> <\/strong>oli esill\u00e4 huhtikuussa 2025. Valokuvagalleria Hippolyteen toteutettu kestollinen kokonaisuus oli sovitus, tilallinen variaatio Turun taidemuseossa syksyll\u00e4 2024 esill\u00e4 olleesta n\u00e4yttelyst\u00e4 Evolving Window. H\u00e4nen teoksensa Embarkation vuodelta 2011 on parhaillaan esill\u00e4 Kiasman kokoelman\u00e4yttelyss\u00e4 <em>Kivi, paperi, sakset<\/em>. Suomen kulttuurirahaston Uudenmaan rahaston palkinto my\u00f6nnettiin h\u00e4nelle 2025, Suomen taideyhdistyksen William Thuring nimikkopalkinto vuonna 2014.<\/p>\n\n\n\n<hr class=\"wp-block-separator has-alpha-channel-opacity\"\/>\n\n\n\n<p>Sini Pelkki: Present (2024)<br>7.1.\u20131.2.2026<br>Forum Boxin Mediabox, Helsinki<\/p>\n\n\n\n<p>Lis\u00e4tietoa: <a href=\"https:\/\/forumbox.fi\/exhibition\/sini-pelkki\/\" target=\"_blank\" rel=\"noreferrer noopener\">Forum Box<\/a><\/p>\n\n\n\n<p>Mediabox on Forum Boxin tila mediataiteelle. Uusinta mediataidetta esittelev\u00e4 ohjelmisto suunnitellaan yhteisty\u00f6ss\u00e4 AV-arkin kanssa. Mediaboxiin on kolme porrasta, mutta esitett\u00e4v\u00e4 videoteos on my\u00f6s mahdollista katsoa esteett\u00f6m\u00e4sti tabletilta Forum Boxin katutason tiloissa. Mik\u00e4li Mediabox on sinulle esteellinen, pyyd\u00e4th\u00e4n tabletin lainaan Forum Boxin henkil\u00f6kunnalta.<\/p>\n\n\n\n<p>Vuoden 2026 ohjelmiston ovat kuratoineet ty\u00f6harjoittelun Forum Boxissa vuonna 2025 suorittanut kuvataiteilija Navid Afzalnia, Forum Boxin toiminnanjohtaja Kamilla Billiers ja AV-arkin ohjelmakoordinaattori Avreno Heikka.<\/p>\n\n\n\n<hr class=\"wp-block-separator has-alpha-channel-opacity\"\/>\n\n\n\n<p><strong><strong>AV-arkki on edist\u00e4nyt suomalaisen mediataiteen asemaa vuodesta 1989. Taiteilijat osallistuvat t\u00e4h\u00e4n tapahtumaan AV-arkin edist\u00e4misty\u00f6n ansiosta. Jos haluat seurata viimeisimpi\u00e4 uutisiamme, <a href=\"https:\/\/docs.google.com\/forms\/d\/e\/1FAIpQLScRk9tzatszRifgSHUt4F7eb0ZcA7Smom4-Fo0wJ8rEILTMvg\/viewform\">tilaa uutiskirjeemme<\/a>!<\/strong><\/strong><\/p>\n","protected":false},"excerpt":{"rendered":"<p>Sini Pelkin filmi Present on jatkumo tiloja ja tilanteita, joita tulkitaan kameran linssin ja peilien heijastusten l\u00e4pi. Teos muodottaa liikkuvan kuvan rakentuneisuutta, kameralla taltioimisen koreografisuutta sek\u00e4 kuvaamisen ja&#8230; <a class=\"excerpt-read-more\" href=\"https:\/\/www.av-arkki.fi\/fi\/uutiset\/sini-pelkin-present-2024-esilla-mediaboxissa-7-1-1-2-2026\/\" title=\"ReadSini Pelkin Present (2024) esill\u00e4 Mediaboxissa 7.1.\u20131.2.2026\">Lue lis\u00e4\u00e4 \u00bb<\/a><\/p>\n","protected":false},"author":10,"featured_media":1859868,"comment_status":"closed","ping_status":"closed","sticky":false,"template":"","format":"standard","meta":{"_acf_changed":false,"footnotes":""},"categories":[1],"tags":[1337,1342,1340],"class_list":["post-1859867","post","type-post","status-publish","format-standard","has-post-thumbnail","hentry","category-uutiset","tag-av-arkin-levitystoiminta","tag-kotimaa","tag-mediabox"],"acf":[],"_links":{"self":[{"href":"https:\/\/www.av-arkki.fi\/fi\/wp-json\/wp\/v2\/posts\/1859867","targetHints":{"allow":["GET"]}}],"collection":[{"href":"https:\/\/www.av-arkki.fi\/fi\/wp-json\/wp\/v2\/posts"}],"about":[{"href":"https:\/\/www.av-arkki.fi\/fi\/wp-json\/wp\/v2\/types\/post"}],"author":[{"embeddable":true,"href":"https:\/\/www.av-arkki.fi\/fi\/wp-json\/wp\/v2\/users\/10"}],"replies":[{"embeddable":true,"href":"https:\/\/www.av-arkki.fi\/fi\/wp-json\/wp\/v2\/comments?post=1859867"}],"version-history":[{"count":0,"href":"https:\/\/www.av-arkki.fi\/fi\/wp-json\/wp\/v2\/posts\/1859867\/revisions"}],"wp:featuredmedia":[{"embeddable":true,"href":"https:\/\/www.av-arkki.fi\/fi\/wp-json\/wp\/v2\/media\/1859868"}],"wp:attachment":[{"href":"https:\/\/www.av-arkki.fi\/fi\/wp-json\/wp\/v2\/media?parent=1859867"}],"wp:term":[{"taxonomy":"category","embeddable":true,"href":"https:\/\/www.av-arkki.fi\/fi\/wp-json\/wp\/v2\/categories?post=1859867"},{"taxonomy":"post_tag","embeddable":true,"href":"https:\/\/www.av-arkki.fi\/fi\/wp-json\/wp\/v2\/tags?post=1859867"}],"curies":[{"name":"wp","href":"https:\/\/api.w.org\/{rel}","templated":true}]}}