{"id":1859687,"date":"2025-10-27T14:15:33","date_gmt":"2025-10-27T11:15:33","guid":{"rendered":"https:\/\/www.av-arkki.fi\/?p=1859687"},"modified":"2025-10-27T14:44:08","modified_gmt":"2025-10-27T11:44:08","slug":"sanna-liljanderin-milloin-paiva-valkenee-esilla-mediaboxissa-31-10-23-11-2025","status":"publish","type":"post","link":"https:\/\/www.av-arkki.fi\/fi\/uutiset\/sanna-liljanderin-milloin-paiva-valkenee-esilla-mediaboxissa-31-10-23-11-2025\/","title":{"rendered":"Sanna Liljanderin Milloin p\u00e4iv\u00e4 valkenee esill\u00e4 Mediaboxissa 31.10.\u2013 23.11.2025"},"content":{"rendered":"\n<p><a href=\"https:\/\/www.av-arkki.fi\/fi\/works\/milloin-paiva-valkenee\/\">Milloin p\u00e4iv\u00e4 valkenee<\/a> (2024) on kokeellinen dokumenttielokuva pitk\u00e4st\u00e4 rakkaudesta. Elokuva koostuu kojelautakameran videoista, itsekehitetyst\u00e4 ja osin k\u00e4sinmaalatusta 16 mm mustavalkofilmist\u00e4 sek\u00e4 35 mm elokuvafilmille seripainetusta kuvamateriaalista. \u00c4\u00e4nisuunnittelun on tehnyt Juho Luukkainen ja unikuvien n\u00e4yttelij\u00e4 on Jenni Kitti. Teoksen galleriaesitys on loputtomasti toistuva luuppi, joka mahdollistaa monta alkua, eik\u00e4 yht\u00e4\u00e4n loppua.<br><br><a href=\"https:\/\/www.av-arkki.fi\/fi\/artists\/sanna-liljander\/\">Sanna Liljander<\/a> on helsinkil\u00e4inen elokuvantekij\u00e4 (TaK, Aalto-yliopiston ELO) ja kuvataiteilija (KuM, Taideyliopiston Kuvataideakatemia), joka ty\u00f6skentelee dokumentaaristen elokuvien ja mediataiteen parissa. Liljander k\u00e4sittelee taiteessaan mieluusti ihmisten sosiaalisia tunteita ja suhteita toisiinsa, sek\u00e4 luopumisen, kaipuun ja muistamisen teemoja. H\u00e4nen teoksiaan on esitetty laajasti elokuvafestivaaleilla (kotimaassa mm. Tampereen ja Sodankyl\u00e4n Elokuvajuhlat, DocPoint, R&amp;A \/ kansainv\u00e4lisesti mm. Edinburgh IFF, Odense IFF, Kurzfilm Festival Hamburg, Uppsala SFF) sek\u00e4 gallerioissa, erilaisissa tapahtumissa ja elokuvateattereissa, ja palkittu muun muassa Risto Jarva -palkinnolla. Milloin p\u00e4iv\u00e4 valkenee on ensimm\u00e4inen osa teossarjaa, joka tutkii vakavan sairastumisen vaikutuksia l\u00e4heisiin ihmissuhteisiin \u2013 toisin sanoen rakkautta vastoink\u00e4ymisiss\u00e4.<\/p>\n\n\n\n<hr class=\"wp-block-separator has-alpha-channel-opacity\"\/>\n\n\n\n<p>Sanna Liljander:<em> <\/em>Milloin p\u00e4iv\u00e4 valkenee (2024)<br>31.10.\u2013 23.11.2025<br>Forum Boxin Mediabox, Helsinki<\/p>\n\n\n\n<p>Lis\u00e4tietoa: <a href=\"https:\/\/forumbox.fi\/exhibition\/milloin-paiva-valkenee\/\" target=\"_blank\" rel=\"noreferrer noopener\">Forum Box<\/a><\/p>\n\n\n\n<p>Mediabox on Forum Boxin tila mediataiteelle. Uusinta mediataidetta esittelev\u00e4 ohjelmisto suunnitellaan yhteisty\u00f6ss\u00e4 AV-arkin kanssa. Mediaboxiin on kolme porrasta, mutta esitett\u00e4v\u00e4 videoteos on my\u00f6s mahdollista katsoa esteett\u00f6m\u00e4sti tabletilta Forum Boxin katutason tiloissa. Mik\u00e4li Mediabox on sinulle esteellinen, pyyd\u00e4th\u00e4n tabletin lainaan Forum Boxin henkil\u00f6kunnalta.<\/p>\n\n\n\n<p>Vuoden 2025 ohjelmiston ovat kuratoineet Avreno Heikka, Yilin Ma ja Erika Ryppieva.<\/p>\n\n\n\n<hr class=\"wp-block-separator has-alpha-channel-opacity\"\/>\n\n\n\n<p><strong><strong>AV-arkki on edist\u00e4nyt suomalaisen mediataiteen asemaa vuodesta 1989. Taiteilijat osallistuvat t\u00e4h\u00e4n tapahtumaan AV-arkin edist\u00e4misty\u00f6n ansiosta. Jos haluat seurata viimeisimpi\u00e4 uutisiamme, <a href=\"https:\/\/docs.google.com\/forms\/d\/e\/1FAIpQLScRk9tzatszRifgSHUt4F7eb0ZcA7Smom4-Fo0wJ8rEILTMvg\/viewform\">tilaa uutiskirjeemme<\/a>!<\/strong><\/strong><\/p>\n","protected":false},"excerpt":{"rendered":"<p>Milloin p\u00e4iv\u00e4 valkenee (2024) on kokeellinen dokumenttielokuva pitk\u00e4st\u00e4 rakkaudesta. Elokuva koostuu kojelautakameran videoista, itsekehitetyst\u00e4 ja osin k\u00e4sinmaalatusta 16 mm mustavalkofilmist\u00e4 sek\u00e4 35 mm elokuvafilmille seripainetusta kuvamateriaalista. \u00c4\u00e4nisuunnittelun on&#8230; <a class=\"excerpt-read-more\" href=\"https:\/\/www.av-arkki.fi\/fi\/uutiset\/sanna-liljanderin-milloin-paiva-valkenee-esilla-mediaboxissa-31-10-23-11-2025\/\" title=\"ReadSanna Liljanderin Milloin p\u00e4iv\u00e4 valkenee esill\u00e4 Mediaboxissa 31.10.\u2013 23.11.2025\">Lue lis\u00e4\u00e4 \u00bb<\/a><\/p>\n","protected":false},"author":10,"featured_media":1857347,"comment_status":"closed","ping_status":"closed","sticky":false,"template":"","format":"standard","meta":{"_acf_changed":false,"footnotes":""},"categories":[1],"tags":[1337,1338,1342,1340],"class_list":["post-1859687","post","type-post","status-publish","format-standard","has-post-thumbnail","hentry","category-uutiset","tag-av-arkin-levitystoiminta","tag-helsinki","tag-kotimaa","tag-mediabox"],"acf":[],"_links":{"self":[{"href":"https:\/\/www.av-arkki.fi\/fi\/wp-json\/wp\/v2\/posts\/1859687","targetHints":{"allow":["GET"]}}],"collection":[{"href":"https:\/\/www.av-arkki.fi\/fi\/wp-json\/wp\/v2\/posts"}],"about":[{"href":"https:\/\/www.av-arkki.fi\/fi\/wp-json\/wp\/v2\/types\/post"}],"author":[{"embeddable":true,"href":"https:\/\/www.av-arkki.fi\/fi\/wp-json\/wp\/v2\/users\/10"}],"replies":[{"embeddable":true,"href":"https:\/\/www.av-arkki.fi\/fi\/wp-json\/wp\/v2\/comments?post=1859687"}],"version-history":[{"count":0,"href":"https:\/\/www.av-arkki.fi\/fi\/wp-json\/wp\/v2\/posts\/1859687\/revisions"}],"wp:featuredmedia":[{"embeddable":true,"href":"https:\/\/www.av-arkki.fi\/fi\/wp-json\/wp\/v2\/media\/1857347"}],"wp:attachment":[{"href":"https:\/\/www.av-arkki.fi\/fi\/wp-json\/wp\/v2\/media?parent=1859687"}],"wp:term":[{"taxonomy":"category","embeddable":true,"href":"https:\/\/www.av-arkki.fi\/fi\/wp-json\/wp\/v2\/categories?post=1859687"},{"taxonomy":"post_tag","embeddable":true,"href":"https:\/\/www.av-arkki.fi\/fi\/wp-json\/wp\/v2\/tags?post=1859687"}],"curies":[{"name":"wp","href":"https:\/\/api.w.org\/{rel}","templated":true}]}}