{"id":1859675,"date":"2025-10-14T17:02:01","date_gmt":"2025-10-14T14:02:01","guid":{"rendered":"https:\/\/www.av-arkki.fi\/?p=1859675"},"modified":"2025-11-04T12:40:30","modified_gmt":"2025-11-04T09:40:30","slug":"video-art-festival-turun-13-16-11-2025-ohjelmistossa-pilvi-takalan-teosten-erikoisnaytos","status":"publish","type":"post","link":"https:\/\/www.av-arkki.fi\/fi\/uutiset\/video-art-festival-turun-13-16-11-2025-ohjelmistossa-pilvi-takalan-teosten-erikoisnaytos\/","title":{"rendered":"Video Art Festival Turun (13.\u201316.11.2025) ohjelmistossa Pilvi Takalan teosten erikoisn\u00e4yt\u00f6s"},"content":{"rendered":"\n<p><a href=\"https:\/\/www.videoartfestivalturku.com\/fi\">Video Art Festival Turun (VAFT)<\/a> ohjelmistossa n\u00e4hd\u00e4\u00e4n Pilvi Takalan teoksista koostettu erikoisn\u00e4yt\u00f6s. N\u00e4yt\u00f6ksess\u00e4 ovat mukana <a href=\"https:\/\/www.av-arkki.fi\/fi\/works\/the-trainee\/\">The Trainee<\/a> (2008), <a href=\"https:\/\/www.av-arkki.fi\/fi\/works\/if-your-heart-wants-it-remix\/\">If Your Heart Wants It<\/a> (2020) (artikkelikuva), <a href=\"https:\/\/www.av-arkki.fi\/fi\/works\/the-stroker\/\">The Stroker<\/a> (2019) ja <a href=\"https:\/\/www.av-arkki.fi\/fi\/works\/real-snow-white\/\">Real Snow White<\/a> (2009).<\/p>\n\n\n\n<p>N\u00e4yt\u00f6s esitet\u00e4\u00e4n lauantaina 15.11. klo 14.00 Kino Killassa. N\u00e4yt\u00f6st\u00e4 seuraa Q&amp;A taiteilijan kanssa.<\/p>\n\n\n\n<p>VAFTin ohjelmistossa on mukana my\u00f6s AV-arkin taiteilijoiden teoksia: <strong>Nastja S\u00e4de R\u00f6nk\u00f6n<\/strong> <em><a href=\"https:\/\/www.av-arkki.fi\/fi\/works\/salt-in-our-blood-in-our-sweat-in-our-tears\/\">salt in our blood, in our sweat, in our tears<\/a><\/em>, <strong>Annu &amp; Kertun<\/strong> <em>84,2 vuotta, <\/em><strong>Henna-Riikka Halosen<\/strong> <em>Crypto<\/em>, <strong>Mia M\u00e4kel\u00e4n<\/strong> <em><a href=\"https:\/\/www.av-arkki.fi\/fi\/works\/anthropobee\/\">Anthropobee<\/a><\/em> ja <strong>Miia Aution<\/strong> <em>Kirje 1 \/ ILMA<\/em>.<\/p>\n\n\n\n<p>Kaikkiin VAFTin tapahtumiin on ilmainen sis\u00e4\u00e4np\u00e4\u00e4sy.<\/p>\n\n\n\n<hr class=\"wp-block-separator has-alpha-channel-opacity\"\/>\n\n\n\n<p>VAFT<br>13.<em>\u2013<\/em>16.11.2025<br>Turku<br><br>Lis\u00e4tiedot: <a href=\"https:\/\/www.videoartfestivalturku.com\/fi\">VAFT<\/a><\/p>\n\n\n\n<p><\/p>\n","protected":false},"excerpt":{"rendered":"<p>Video Art Festival Turun (VAFT) ohjelmistossa n\u00e4hd\u00e4\u00e4n Pilvi Takalan teoksista koostettu erikoisn\u00e4yt\u00f6s. N\u00e4yt\u00f6ksess\u00e4 ovat mukana The Trainee (2008), If Your Heart Wants It (2020) (artikkelikuva), The Stroker (2019)&#8230; <a class=\"excerpt-read-more\" href=\"https:\/\/www.av-arkki.fi\/fi\/uutiset\/video-art-festival-turun-13-16-11-2025-ohjelmistossa-pilvi-takalan-teosten-erikoisnaytos\/\" title=\"ReadVideo Art Festival Turun (13.\u201316.11.2025) ohjelmistossa Pilvi Takalan teosten erikoisn\u00e4yt\u00f6s\">Lue lis\u00e4\u00e4 \u00bb<\/a><\/p>\n","protected":false},"author":10,"featured_media":1859676,"comment_status":"closed","ping_status":"closed","sticky":false,"template":"","format":"standard","meta":{"_acf_changed":false,"footnotes":""},"categories":[1],"tags":[1337,1342],"class_list":["post-1859675","post","type-post","status-publish","format-standard","has-post-thumbnail","hentry","category-uutiset","tag-av-arkin-levitystoiminta","tag-kotimaa"],"acf":[],"_links":{"self":[{"href":"https:\/\/www.av-arkki.fi\/fi\/wp-json\/wp\/v2\/posts\/1859675","targetHints":{"allow":["GET"]}}],"collection":[{"href":"https:\/\/www.av-arkki.fi\/fi\/wp-json\/wp\/v2\/posts"}],"about":[{"href":"https:\/\/www.av-arkki.fi\/fi\/wp-json\/wp\/v2\/types\/post"}],"author":[{"embeddable":true,"href":"https:\/\/www.av-arkki.fi\/fi\/wp-json\/wp\/v2\/users\/10"}],"replies":[{"embeddable":true,"href":"https:\/\/www.av-arkki.fi\/fi\/wp-json\/wp\/v2\/comments?post=1859675"}],"version-history":[{"count":0,"href":"https:\/\/www.av-arkki.fi\/fi\/wp-json\/wp\/v2\/posts\/1859675\/revisions"}],"wp:featuredmedia":[{"embeddable":true,"href":"https:\/\/www.av-arkki.fi\/fi\/wp-json\/wp\/v2\/media\/1859676"}],"wp:attachment":[{"href":"https:\/\/www.av-arkki.fi\/fi\/wp-json\/wp\/v2\/media?parent=1859675"}],"wp:term":[{"taxonomy":"category","embeddable":true,"href":"https:\/\/www.av-arkki.fi\/fi\/wp-json\/wp\/v2\/categories?post=1859675"},{"taxonomy":"post_tag","embeddable":true,"href":"https:\/\/www.av-arkki.fi\/fi\/wp-json\/wp\/v2\/tags?post=1859675"}],"curies":[{"name":"wp","href":"https:\/\/api.w.org\/{rel}","templated":true}]}}