{"id":1859670,"date":"2025-10-14T11:07:50","date_gmt":"2025-10-14T08:07:50","guid":{"rendered":"https:\/\/www.av-arkki.fi\/?p=1859670"},"modified":"2025-10-14T15:24:52","modified_gmt":"2025-10-14T12:24:52","slug":"taiteilijatapaaminen-rita-jokiranta-ja-marja-helander","status":"publish","type":"post","link":"https:\/\/www.av-arkki.fi\/fi\/uutiset\/taiteilijatapaaminen-rita-jokiranta-ja-marja-helander\/","title":{"rendered":"Taiteilijatapaaminen: Rita Jokiranta ja Marja Helander"},"content":{"rendered":"\n<p>L\u00e4mpim\u00e4sti tervetuloa lauantaina 18.10. tapaamaan AV-arkin taiteilijoita <strong>Rita Jokiranta<\/strong> ja <strong>Marja Helander<\/strong>! AV-arkin toiminnanjohtaja Hanna Maria Anttila jututtaa taiteilijoita heid\u00e4n ty\u00f6skentelyst\u00e4\u00e4n ja meneill\u00e4\u00e4n olevista n\u00e4yttelyist\u00e4\u00e4n. Voit tulla esitt\u00e4m\u00e4\u00e4n omia kysymyksi\u00e4 tai vain seuraamaan keskustelua.<br><br>Rita Jokirannan immersiivinen, nelj\u00e4n projisoinnin videoinstallaatio<em> Elsewhere, So Close<\/em> on esill\u00e4 <a href=\"https:\/\/www.kaapelitehdas.fi\/fi\/tapahtumat\/video-works-rita-jokiranta-ja-kari-soinio1\/\">Kaapelitehtaan Puristamossa<\/a>.<br><br><strong>Marja Helanderin &amp; Liselotte Wajstedtin<\/strong> elokuva <em>In My Hand <\/em>puolestaan on esill\u00e4 MUU Helsinki nykytaidekeskuksessa osana n\u00e4yttely\u00e4 <a href=\"https:\/\/www.muu.fi\/fi\/muuspace\/nayttelyt\/veden-alaiset\/\">\u010c\u00e1zevulo\u017eat &#8211; Veden alaiset<\/a>. N\u00e4yttelyss\u00e4 on mukana my\u00f6s\u00a0<strong>Hans Pieski &amp; Arttu Niemisen<\/strong> <em>M\u00e1ilmmittkus \u2013 At the Shadow of the World<\/em>.<br><br>Sek\u00e4 n\u00e4yttelyihin ett\u00e4 keskustelutilaisuuteen on vapaa p\u00e4\u00e4sy.<br><\/p>\n\n\n\n<hr class=\"wp-block-separator has-alpha-channel-opacity\"\/>\n\n\n\n<p>Taiteilijatapaaminen: Rita Jokiranta ja Marja Helander<br>18.10. klo 16.00<br>MUU Helsinki nykytaidekeskus (Kaapelitehdas, Tallberginkatu 1 C)<\/p>\n\n\n\n<hr class=\"wp-block-separator has-alpha-channel-opacity\"\/>\n\n\n\n<p>AV-arkki j\u00e4rjest\u00e4\u00e4 syksyll\u00e4 2025 arkiston taiteilijoiden n\u00e4yttelyiden yhteydess\u00e4 avoimia keskustelutilaisuuksia ymp\u00e4ri p\u00e4\u00e4kaupunkiseutua. Tilaisuuksia j\u00e4rjestet\u00e4\u00e4n kuukausittain vaihtuvissa lokaatioissa.<\/p>\n","protected":false},"excerpt":{"rendered":"<p>L\u00e4mpim\u00e4sti tervetuloa lauantaina 18.10. tapaamaan AV-arkin taiteilijoita Rita Jokiranta ja Marja Helander! AV-arkin toiminnanjohtaja Hanna Maria Anttila jututtaa taiteilijoita heid\u00e4n ty\u00f6skentelyst\u00e4\u00e4n ja meneill\u00e4\u00e4n olevista n\u00e4yttelyist\u00e4\u00e4n. Voit tulla esitt\u00e4m\u00e4\u00e4n&#8230; <a class=\"excerpt-read-more\" href=\"https:\/\/www.av-arkki.fi\/fi\/uutiset\/taiteilijatapaaminen-rita-jokiranta-ja-marja-helander\/\" title=\"ReadTaiteilijatapaaminen: Rita Jokiranta ja Marja Helander\">Lue lis\u00e4\u00e4 \u00bb<\/a><\/p>\n","protected":false},"author":10,"featured_media":1859671,"comment_status":"closed","ping_status":"closed","sticky":false,"template":"","format":"standard","meta":{"_acf_changed":false,"footnotes":""},"categories":[1],"tags":[1338,1339,1342,6014],"class_list":["post-1859670","post","type-post","status-publish","format-standard","has-post-thumbnail","hentry","category-uutiset","tag-helsinki","tag-jasentaiteilijoiden-tapahtumat","tag-kotimaa","tag-taiteilijatapaaminen"],"acf":[],"_links":{"self":[{"href":"https:\/\/www.av-arkki.fi\/fi\/wp-json\/wp\/v2\/posts\/1859670","targetHints":{"allow":["GET"]}}],"collection":[{"href":"https:\/\/www.av-arkki.fi\/fi\/wp-json\/wp\/v2\/posts"}],"about":[{"href":"https:\/\/www.av-arkki.fi\/fi\/wp-json\/wp\/v2\/types\/post"}],"author":[{"embeddable":true,"href":"https:\/\/www.av-arkki.fi\/fi\/wp-json\/wp\/v2\/users\/10"}],"replies":[{"embeddable":true,"href":"https:\/\/www.av-arkki.fi\/fi\/wp-json\/wp\/v2\/comments?post=1859670"}],"version-history":[{"count":0,"href":"https:\/\/www.av-arkki.fi\/fi\/wp-json\/wp\/v2\/posts\/1859670\/revisions"}],"wp:featuredmedia":[{"embeddable":true,"href":"https:\/\/www.av-arkki.fi\/fi\/wp-json\/wp\/v2\/media\/1859671"}],"wp:attachment":[{"href":"https:\/\/www.av-arkki.fi\/fi\/wp-json\/wp\/v2\/media?parent=1859670"}],"wp:term":[{"taxonomy":"category","embeddable":true,"href":"https:\/\/www.av-arkki.fi\/fi\/wp-json\/wp\/v2\/categories?post=1859670"},{"taxonomy":"post_tag","embeddable":true,"href":"https:\/\/www.av-arkki.fi\/fi\/wp-json\/wp\/v2\/tags?post=1859670"}],"curies":[{"name":"wp","href":"https:\/\/api.w.org\/{rel}","templated":true}]}}