{"id":1859620,"date":"2025-09-29T10:54:26","date_gmt":"2025-09-29T07:54:26","guid":{"rendered":"https:\/\/www.av-arkki.fi\/?p=1859620"},"modified":"2025-09-29T10:55:36","modified_gmt":"2025-09-29T07:55:36","slug":"petra-lindholmin-open-heart-open-mind-2025-esilla-mediaboxissa-3-10-26-10-2025","status":"publish","type":"post","link":"https:\/\/www.av-arkki.fi\/fi\/uutiset\/petra-lindholmin-open-heart-open-mind-2025-esilla-mediaboxissa-3-10-26-10-2025\/","title":{"rendered":"Petra Lindholmin Open Heart Open Mind (2025) esill\u00e4 Mediaboxissa 3.10.\u201326.10.2025"},"content":{"rendered":"\n<p><strong>Petra Lindholmin<\/strong> elokuva<em> Open Heart Open Mind<\/em> on osa k\u00e4ynniss\u00e4 olevaa tutkimusta siit\u00e4, miten voimme suhtautua planeettaan l\u00e4sn\u00e4olevana toimijana pikemminkin kuin et\u00e4isen\u00e4 kohteena. Pandemian aikana taiteilija kouluttautui hypnoterapeutiksi ja alkoi k\u00e4ytt\u00e4\u00e4 hypnoosia vuoropuhelun v\u00e4lineen\u00e4 \u2013 sek\u00e4 yksil\u00f6iden kanssa ett\u00e4 heid\u00e4n kauttaan my\u00f6s itse maapallon kanssa. Sarjassa istuntoja osallistujat kutsuttiin vastaanottavaiseen tilaan tutkimaan, olisiko planeetalla jotain ilmaistavaa. N\u00e4ist\u00e4 kohtaamisista ker\u00e4tyt kielen, kuvien ja vaikutelmien katkelmat muodostavat teoksen perustan.<\/p>\n\n\n\n<p>\u00c4\u00e4niraita, jonka taiteilija on s\u00e4velt\u00e4nyt, on olennainen osa teosta. Koko elokuvan ajan \u00e4\u00e4nimaisemaan on kudottu virityshaarukoilla soitettuja taajuuksia, jotka luovat hienovaraisia resonansseja ja vuorovaikutusta sek\u00e4 kuvien ett\u00e4 katsojan kanssa. Musiikki ja \u00e4\u00e4ni eiv\u00e4t ole s\u00e4estys vaan rinnakkainen kerros, joka on kehittynyt yhdess\u00e4 liikkuvan kuvan kanssa. Yhdess\u00e4 ne muodostavat tilan, joka ei pyri kertomaan tarinaa vaan suuntaamaan huomion l\u00e4sn\u00e4oloon.<\/p>\n\n\n\n<p>Sen keskell\u00e4 on yksinkertainen l\u00e4ht\u00f6kohta: jokaisessa ihmisess\u00e4 on jatkuvuus \u2013 ehj\u00e4, kirkas ja h\u00e4iri\u00f6it\u00e4 kest\u00e4v\u00e4 \u2013 ja yhteyden s\u00e4ilytt\u00e4minen t\u00e4h\u00e4n on mahdollista my\u00f6s ep\u00e4vakauden aikoina. Teos ei tarjoa ratkaisua; se tarjoaa paikan, johon palata.<br><strong><br><\/strong><a href=\"https:\/\/www.av-arkki.fi\/fi\/artists\/petra-lindholm\/\">Petra Lindholm<\/a> on kuvataiteilija, joka ty\u00f6skentelee p\u00e4\u00e4asiassa videon, \u00e4\u00e4nen ja tekstiility\u00f6n parissa. H\u00e4n on opiskellut Tukholmassa, Royal Institute of Art, vuosina 1996\u20132001. Videoteoksissaan h\u00e4n muokkaa kuvan ja \u00e4\u00e4nen v\u00e4list\u00e4 l\u00e4heist\u00e4 yhteytt\u00e4, k\u00e4ytt\u00e4en s\u00e4velt\u00e4mi\u00e4\u00e4n musiikkeja ja omaa \u00e4\u00e4nt\u00e4\u00e4n. Yksi h\u00e4nen kiinnostuksen kohteistaan on muistojen ja ajan kulumisen kuvaileminen. H\u00e4nen teoksiaan on esitetty lukuisissa n\u00e4yttelyiss\u00e4 Pohjoismaissa, Euroopassa ja USAssa.<\/p>\n\n\n\n<hr class=\"wp-block-separator has-alpha-channel-opacity\"\/>\n\n\n\n<p>Petra Lindholm:<em> Open Heart Open Mind<\/em> (2025)<br>3.10.\u201326.10.2025<br>Forum Boxin Mediabox, Helsinki<\/p>\n\n\n\n<p>Lis\u00e4tietoa: <a href=\"https:\/\/forumbox.fi\/exhibition\/open-heart-open-mind\/\">Forum Box<\/a><\/p>\n\n\n\n<p>Mediabox on Forum Boxin tila mediataiteelle. Uusinta mediataidetta esittelev\u00e4 ohjelmisto suunnitellaan yhteisty\u00f6ss\u00e4 AV-arkin kanssa. Mediaboxiin on kolme porrasta, mutta esitett\u00e4v\u00e4 videoteos on my\u00f6s mahdollista katsoa esteett\u00f6m\u00e4sti tabletilta Forum Boxin katutason tiloissa. Mik\u00e4li Mediabox on sinulle esteellinen, pyyd\u00e4th\u00e4n tabletin lainaan Forum Boxin henkil\u00f6kunnalta.<\/p>\n\n\n\n<p>Vuoden 2025 ohjelmiston ovat kuratoineet Avreno Heikka, Yilin Ma ja Erika Ryppieva.<\/p>\n\n\n\n<hr class=\"wp-block-separator has-alpha-channel-opacity\"\/>\n\n\n\n<p><strong>AV-arkki on edist\u00e4nyt suomalaisen mediataiteen asemaa vuodesta 1989. Taiteilijat osallistuvat t\u00e4h\u00e4n tapahtumaan AV-arkin edist\u00e4misty\u00f6n ansiosta. Jos haluat seurata viimeisimpi\u00e4 uutisiamme, <a href=\"https:\/\/docs.google.com\/forms\/d\/e\/1FAIpQLScRk9tzatszRifgSHUt4F7eb0ZcA7Smom4-Fo0wJ8rEILTMvg\/viewform\">tilaa uutiskirjeemme<\/a>!<\/strong><\/p>\n","protected":false},"excerpt":{"rendered":"<p>Petra Lindholmin elokuva Open Heart Open Mind on osa k\u00e4ynniss\u00e4 olevaa tutkimusta siit\u00e4, miten voimme suhtautua planeettaan l\u00e4sn\u00e4olevana toimijana pikemminkin kuin et\u00e4isen\u00e4 kohteena. Pandemian aikana taiteilija kouluttautui hypnoterapeutiksi&#8230; <a class=\"excerpt-read-more\" href=\"https:\/\/www.av-arkki.fi\/fi\/uutiset\/petra-lindholmin-open-heart-open-mind-2025-esilla-mediaboxissa-3-10-26-10-2025\/\" title=\"ReadPetra Lindholmin Open Heart Open Mind (2025) esill\u00e4 Mediaboxissa 3.10.\u201326.10.2025\">Lue lis\u00e4\u00e4 \u00bb<\/a><\/p>\n","protected":false},"author":10,"featured_media":1859623,"comment_status":"closed","ping_status":"closed","sticky":false,"template":"","format":"standard","meta":{"_acf_changed":false,"footnotes":""},"categories":[1],"tags":[1337,1338,1342,1340],"class_list":["post-1859620","post","type-post","status-publish","format-standard","has-post-thumbnail","hentry","category-uutiset","tag-av-arkin-levitystoiminta","tag-helsinki","tag-kotimaa","tag-mediabox"],"acf":[],"_links":{"self":[{"href":"https:\/\/www.av-arkki.fi\/fi\/wp-json\/wp\/v2\/posts\/1859620","targetHints":{"allow":["GET"]}}],"collection":[{"href":"https:\/\/www.av-arkki.fi\/fi\/wp-json\/wp\/v2\/posts"}],"about":[{"href":"https:\/\/www.av-arkki.fi\/fi\/wp-json\/wp\/v2\/types\/post"}],"author":[{"embeddable":true,"href":"https:\/\/www.av-arkki.fi\/fi\/wp-json\/wp\/v2\/users\/10"}],"replies":[{"embeddable":true,"href":"https:\/\/www.av-arkki.fi\/fi\/wp-json\/wp\/v2\/comments?post=1859620"}],"version-history":[{"count":0,"href":"https:\/\/www.av-arkki.fi\/fi\/wp-json\/wp\/v2\/posts\/1859620\/revisions"}],"wp:featuredmedia":[{"embeddable":true,"href":"https:\/\/www.av-arkki.fi\/fi\/wp-json\/wp\/v2\/media\/1859623"}],"wp:attachment":[{"href":"https:\/\/www.av-arkki.fi\/fi\/wp-json\/wp\/v2\/media?parent=1859620"}],"wp:term":[{"taxonomy":"category","embeddable":true,"href":"https:\/\/www.av-arkki.fi\/fi\/wp-json\/wp\/v2\/categories?post=1859620"},{"taxonomy":"post_tag","embeddable":true,"href":"https:\/\/www.av-arkki.fi\/fi\/wp-json\/wp\/v2\/tags?post=1859620"}],"curies":[{"name":"wp","href":"https:\/\/api.w.org\/{rel}","templated":true}]}}