{"id":1859459,"date":"2025-08-26T11:56:35","date_gmt":"2025-08-26T08:56:35","guid":{"rendered":"https:\/\/www.av-arkki.fi\/?p=1859459"},"modified":"2025-08-26T11:59:56","modified_gmt":"2025-08-26T08:59:56","slug":"kuvataiteilijoille-suunnatut-koulutukset-jatkuvat","status":"publish","type":"post","link":"https:\/\/www.av-arkki.fi\/fi\/uutiset\/kuvataiteilijoille-suunnatut-koulutukset-jatkuvat\/","title":{"rendered":"Kuvataiteilijoille suunnatut koulutukset jatkuvat syksyll\u00e4 2025"},"content":{"rendered":"\n<p><\/p>\n\n\n\n<p>Kuvataidej\u00e4rjest\u00f6jen verkosto tarjoaa taiteen ammattilaisille yhdess\u00e4 j\u00e4rjestettyj\u00e4 koulutuksia vuoden 2025 aikana. Kev\u00e4tkaudella webinaarien aiheina olivat taiteilijan tuloverotus, sopimukset ja tekij\u00e4noikeudet. Syyskaudella tutkitaan millainen on hyv\u00e4 hakemus sek\u00e4 perehdyt\u00e4\u00e4n teosten arvoon ja hinnoitteluun. Webinaarit ovat osallistujille maksuttomia, ja niit\u00e4 ei tallenneta. Tervetuloa mukaan!<\/p>\n\n\n\n<p>Koulutuksiin ilmoittautuminen on edelleen avoinna. K\u00e4y ilmoittautumassa t\u00e4\u00e4ll\u00e4,&nbsp;<a href=\"https:\/\/survey.gruppo.fi\/muu\/index.php\/874657\">https:\/\/survey.gruppo.fi\/muu\/index.php\/874657<\/a>, <\/p>\n\n\n\n<p>ja saat jatkossa kutsun kaikkiin koulutuksiin omaan s\u00e4hk\u00f6postiosoitteeseesi. Kahden syyskauden webinaarin puhujat ja aikataulut ovat nyt varmistuneet:<\/p>\n\n\n\n<p><\/p>\n\n\n\n<h2 class=\"wp-block-heading\"><strong>HAKEMUKSIA, HAKEMUKSIA, HAKEMUKSIA!? <br>ke 1.10. klo 14.30\u201317.00<\/strong><\/h2>\n\n\n\n<p>Hakemukset ovat taiteilijan ty\u00f6p\u00f6yd\u00e4ll\u00e4 t\u00e4m\u00e4n t\u00e4st\u00e4. Hakemusten iltap\u00e4iv\u00e4 sis\u00e4lt\u00e4\u00e4 puhetta ja tietoa hakemuksista ja niiden laatimisesta.<\/p>\n\n\n\n<p><strong>Tiitus Pet\u00e4j\u00e4niemi<\/strong>&nbsp;avaa taiteilijan n\u00e4k\u00f6kulmaa ja erityisasiantuntija&nbsp;<strong>Kirsi V\u00e4kiparta<\/strong>&nbsp;Taikesta rahoittajan n\u00e4k\u00f6kulmaa hakemusapparaattiin. Suomen Kuvanveist\u00e4j\u00e4liiton toiminnanjohtaja&nbsp;<strong>Karoliina Korpilahti<\/strong>&nbsp;valottaa hyv\u00e4n hakemuksen anatomiaa,&nbsp;<strong>Tuuli Penttinen-Lampisuo&nbsp;<\/strong>opastaa taulukkolaskentaohjelman k\u00e4ytt\u00f6\u00f6n projektien budjetoinnissa.<\/p>\n\n\n\n<h2 class=\"wp-block-heading\"><strong>TEOSTEN ARVO JA HINNOITTELU<\/strong><br><strong>ke&nbsp;12.11. klo 15.00\u201317.00<\/strong><\/h2>\n\n\n\n<p>Mit\u00e4 teosta hinnoitellessa tulisi ottaa huomioon? Vaikka universaalit s\u00e4\u00e4nn\u00f6t teosten arvon m\u00e4\u00e4rittelyst\u00e4 puuttuvatkin, on kent\u00e4lle muotoutuneita k\u00e4yt\u00e4nt\u00f6j\u00e4 hyv\u00e4 avata keskustelulle.<\/p>\n\n\n\n<p>Taiteilija ja Kuvataideakatemian lehtori&nbsp;<strong>Suzanne Mooney<\/strong>&nbsp;k\u00e4y l\u00e4pi taiteen hinnoittelun periaatteita ja k\u00e4yt\u00e4nteit\u00e4 (englanniksi) ja&nbsp;galleristi<em>&nbsp;<\/em><strong>Hanna Huitu<\/strong>&nbsp;Galerie Anhavasta&nbsp;kertoo hinnoittelun periaatteista galleriakent\u00e4n n\u00e4k\u00f6kulmasta (suomeksi).<\/p>\n\n\n\n<p>Lis\u00e4tietoja: AV-arkin toiminnanjohtaja Hanna Maria Anttila, director(at)av-arkki.fi<\/p>\n","protected":false},"excerpt":{"rendered":"<p>Kuvataidej\u00e4rjest\u00f6jen verkosto tarjoaa taiteen ammattilaisille yhdess\u00e4 j\u00e4rjestettyj\u00e4 koulutuksia vuoden 2025 aikana. Kev\u00e4tkaudella webinaarien aiheina olivat taiteilijan tuloverotus, sopimukset ja tekij\u00e4noikeudet. Syyskaudella tutkitaan millainen on hyv\u00e4 hakemus sek\u00e4 perehdyt\u00e4\u00e4n&#8230; <a class=\"excerpt-read-more\" href=\"https:\/\/www.av-arkki.fi\/fi\/uutiset\/kuvataiteilijoille-suunnatut-koulutukset-jatkuvat\/\" title=\"ReadKuvataiteilijoille suunnatut koulutukset jatkuvat syksyll\u00e4 2025\">Lue lis\u00e4\u00e4 \u00bb<\/a><\/p>\n","protected":false},"author":4,"featured_media":150640,"comment_status":"closed","ping_status":"closed","sticky":false,"template":"","format":"standard","meta":{"_acf_changed":false,"footnotes":""},"categories":[35,1372,1],"tags":[1342,1345,1344],"class_list":["post-1859459","post","type-post","status-publish","format-standard","has-post-thumbnail","hentry","category-news","category-tiedotteet","category-uutiset","tag-kotimaa","tag-koulutus","tag-tiedote-jasenille"],"acf":[],"_links":{"self":[{"href":"https:\/\/www.av-arkki.fi\/fi\/wp-json\/wp\/v2\/posts\/1859459","targetHints":{"allow":["GET"]}}],"collection":[{"href":"https:\/\/www.av-arkki.fi\/fi\/wp-json\/wp\/v2\/posts"}],"about":[{"href":"https:\/\/www.av-arkki.fi\/fi\/wp-json\/wp\/v2\/types\/post"}],"author":[{"embeddable":true,"href":"https:\/\/www.av-arkki.fi\/fi\/wp-json\/wp\/v2\/users\/4"}],"replies":[{"embeddable":true,"href":"https:\/\/www.av-arkki.fi\/fi\/wp-json\/wp\/v2\/comments?post=1859459"}],"version-history":[{"count":0,"href":"https:\/\/www.av-arkki.fi\/fi\/wp-json\/wp\/v2\/posts\/1859459\/revisions"}],"wp:featuredmedia":[{"embeddable":true,"href":"https:\/\/www.av-arkki.fi\/fi\/wp-json\/wp\/v2\/media\/150640"}],"wp:attachment":[{"href":"https:\/\/www.av-arkki.fi\/fi\/wp-json\/wp\/v2\/media?parent=1859459"}],"wp:term":[{"taxonomy":"category","embeddable":true,"href":"https:\/\/www.av-arkki.fi\/fi\/wp-json\/wp\/v2\/categories?post=1859459"},{"taxonomy":"post_tag","embeddable":true,"href":"https:\/\/www.av-arkki.fi\/fi\/wp-json\/wp\/v2\/tags?post=1859459"}],"curies":[{"name":"wp","href":"https:\/\/api.w.org\/{rel}","templated":true}]}}