{"id":1859273,"date":"2025-06-23T11:23:17","date_gmt":"2025-06-23T08:23:17","guid":{"rendered":"https:\/\/www.av-arkki.fi\/?p=1859273"},"modified":"2025-06-23T11:25:09","modified_gmt":"2025-06-23T08:25:09","slug":"msl-antti-jussila-ja-jade-kallion-performanssi-tummemmat-savyt-forum-boxissa-pe-27-6-klo-17","status":"publish","type":"post","link":"https:\/\/www.av-arkki.fi\/fi\/uutiset\/msl-antti-jussila-ja-jade-kallion-performanssi-tummemmat-savyt-forum-boxissa-pe-27-6-klo-17\/","title":{"rendered":"MSL (Antti Jussila ja Jade Kallio):n performanssi Tummemmat s\u00e4vyt Forum Boxissa pe 27.6. klo 17"},"content":{"rendered":"\n<p><strong>MSL <\/strong>(<strong>Antti Jussila<\/strong> ja <a href=\"https:\/\/www.av-arkki.fi\/fi\/artists\/jade-kallio\/\"><strong>Jade Kallio<\/strong><\/a>) esitt\u00e4\u00e4 performanssin Tummemmat s\u00e4vyt Forum Boxissa perjantaina 27.6 klo 17. Esityksen kesto on noin 30 minuuttia. Esitykseen on vapaa p\u00e4\u00e4sy, tervetuloa!<\/p>\n\n\n\n<p>MSL:n elokuva <em><a href=\"https:\/\/forumbox.fi\/exhibition\/twinning\/\">Tummemmat s\u00e4vyt<\/a><\/em> (2025) on esill\u00e4 Forum Boxin Mediaboxissa viel\u00e4 t\u00e4m\u00e4n viikon loppuun, sunnuntaihin 29.6. asti.<\/p>\n\n\n\n<p><em>Tummemmat s\u00e4vyt<\/em> -elokuvan fiktiivinen kerronta rakentuu omakohtaisten kokemusten ja muistojen varaan, her\u00e4tt\u00e4en kysymyksi\u00e4 todellisuuden tavasta j\u00e4senty\u00e4 taiteilijoille itselleen. Elokuvassa Jade Kallio ja<strong> <\/strong>Antti Jussila esitt\u00e4v\u00e4t itse\u00e4\u00e4n \u2013 ik\u00e4\u00e4ntyvi\u00e4 performanssitaiteilijoita, jotka ovat ty\u00f6skennelleet yhdess\u00e4 18 vuotta perustamassaan MSL-kollektiivissa.<\/p>\n\n\n\n<p>Elokuva on muodoltaan road movie \u2013 lohduton ja pelkojen v\u00e4ritt\u00e4m\u00e4 kasvutarina, jonka aikana p\u00e4\u00e4henkil\u00f6t ajautuvat alam\u00e4keen sis\u00e4isen moraalisen kompassin hajotessa ja hyv\u00e4ksym\u00e4\u00e4n itsens\u00e4: tajultaan ep\u00e4selv\u00e4n ja toisiinsa uurtuneen luomuksen, joka on kuin yhteenpuristettua muovailuvahaa.<\/p>\n\n\n\n<p>Elokuva k\u00e4sittelee my\u00f6s ik\u00e4\u00e4ntymist\u00e4, toiveikkuutta menestymisest\u00e4 ja suosiosta, yst\u00e4vyytt\u00e4 ja jaettuun taiteelliseen ajatteluun liittyvi\u00e4 ep\u00e4varmuuksia sek\u00e4 el\u00e4m\u00e4\u00e4 yhdess\u00e4 luotujen merkitysten ja hahmojen rinnakkaistodellisuudessa.<\/p>\n\n\n\n<p>MSL (Antti Jussila ja Jade Kallio) on vuodesta 2008 ty\u00f6skennellyt taiteilijakaksikko, joka on k\u00e4sitellyt teoksissaan kehoa, sukupuolta, vieraantumisen tunnetta, toisteista ja usein ep\u00e4selv\u00e4\u00e4 oireilua: haarojen nykimist\u00e4, sis\u00e4elinten \u00e4\u00e4ntely\u00e4, p\u00e4ihdytt\u00e4vien aineiden k\u00e4ytt\u00f6\u00e4 ja samaistumista tunnettuihin populaarimusiikin hahmoihin.<\/p>\n","protected":false},"excerpt":{"rendered":"<p>MSL (Antti Jussila ja Jade Kallio) esitt\u00e4\u00e4 performanssin Tummemmat s\u00e4vyt Forum Boxissa perjantaina 27.6 klo 17. Esityksen kesto on noin 30 minuuttia. Esitykseen on vapaa p\u00e4\u00e4sy, tervetuloa! MSL:n&#8230; <a class=\"excerpt-read-more\" href=\"https:\/\/www.av-arkki.fi\/fi\/uutiset\/msl-antti-jussila-ja-jade-kallion-performanssi-tummemmat-savyt-forum-boxissa-pe-27-6-klo-17\/\" title=\"ReadMSL (Antti Jussila ja Jade Kallio):n performanssi Tummemmat s\u00e4vyt Forum Boxissa pe 27.6. klo 17\">Lue lis\u00e4\u00e4 \u00bb<\/a><\/p>\n","protected":false},"author":10,"featured_media":1859007,"comment_status":"closed","ping_status":"closed","sticky":false,"template":"","format":"standard","meta":{"_acf_changed":false,"footnotes":""},"categories":[1],"tags":[1338,1339,1342],"class_list":["post-1859273","post","type-post","status-publish","format-standard","has-post-thumbnail","hentry","category-uutiset","tag-helsinki","tag-jasentaiteilijoiden-tapahtumat","tag-kotimaa"],"acf":[],"_links":{"self":[{"href":"https:\/\/www.av-arkki.fi\/fi\/wp-json\/wp\/v2\/posts\/1859273","targetHints":{"allow":["GET"]}}],"collection":[{"href":"https:\/\/www.av-arkki.fi\/fi\/wp-json\/wp\/v2\/posts"}],"about":[{"href":"https:\/\/www.av-arkki.fi\/fi\/wp-json\/wp\/v2\/types\/post"}],"author":[{"embeddable":true,"href":"https:\/\/www.av-arkki.fi\/fi\/wp-json\/wp\/v2\/users\/10"}],"replies":[{"embeddable":true,"href":"https:\/\/www.av-arkki.fi\/fi\/wp-json\/wp\/v2\/comments?post=1859273"}],"version-history":[{"count":0,"href":"https:\/\/www.av-arkki.fi\/fi\/wp-json\/wp\/v2\/posts\/1859273\/revisions"}],"wp:featuredmedia":[{"embeddable":true,"href":"https:\/\/www.av-arkki.fi\/fi\/wp-json\/wp\/v2\/media\/1859007"}],"wp:attachment":[{"href":"https:\/\/www.av-arkki.fi\/fi\/wp-json\/wp\/v2\/media?parent=1859273"}],"wp:term":[{"taxonomy":"category","embeddable":true,"href":"https:\/\/www.av-arkki.fi\/fi\/wp-json\/wp\/v2\/categories?post=1859273"},{"taxonomy":"post_tag","embeddable":true,"href":"https:\/\/www.av-arkki.fi\/fi\/wp-json\/wp\/v2\/tags?post=1859273"}],"curies":[{"name":"wp","href":"https:\/\/api.w.org\/{rel}","templated":true}]}}