{"id":1858677,"date":"2025-03-10T14:29:28","date_gmt":"2025-03-10T11:29:28","guid":{"rendered":"https:\/\/www.av-arkki.fi\/?p=1858677"},"modified":"2026-05-28T14:26:08","modified_gmt":"2026-05-28T11:26:08","slug":"minna-suoniemen-aitia-2024-esilla-mediaboxissa-14-3-6-4-2025","status":"publish","type":"post","link":"https:\/\/www.av-arkki.fi\/fi\/uutiset\/minna-suoniemen-aitia-2024-esilla-mediaboxissa-14-3-6-4-2025\/","title":{"rendered":"Minna Suoniemen \u00c4iti\u00e4 (2024) esill\u00e4 Mediaboxissa 14.3.\u20136.4.2025"},"content":{"rendered":"\n<p class=\"wp-block-paragraph\">Forum Boxin Mediaboxissa on esill\u00e4 14.3.\u20136.4.2025 <strong>Minna Suoniemen <\/strong>teos <em>\u00c4iti\u00e4<\/em>.<\/p>\n\n\n\n<p class=\"wp-block-paragraph\">Teoksessa <a href=\"https:\/\/www.av-arkki.fi\/fi\/works\/aitia\/\"><em>\u00c4iti\u00e4<\/em> (2024)<\/a> aikuinen tyt\u00e4r kantaa \u00e4iti\u00e4 sel\u00e4ss\u00e4\u00e4n ponnistellen l\u00e4pi syksyisen mets\u00e4n. \u00c4iti\u00e4, \u00e4itiminen (mothering) viittaa \u00e4itiyteen jatkuvana ja muuttuvana aktiivisena olotilana ja hoivasuhteena, joka ei ole v\u00e4ltt\u00e4m\u00e4tt\u00e4 sidottu vain biologiseen \u00e4itiyteen.&nbsp;<\/p>\n\n\n\n<p class=\"wp-block-paragraph\">Sanan \u00e4iti\u00e4 voi my\u00f6s lukea alusta loppuun ja lopusta alkuun \u2013 t\u00e4m\u00e4 toistaa teoksen teemaa hoivasuhteen k\u00e4\u00e4ntymisest\u00e4 vanhemman ik\u00e4\u00e4ntyess\u00e4. Teoksen muoto jatkaa ajatusta, se on kuvattu lopusta alkuun ja liike on k\u00e4\u00e4nnetty. K\u00e4sivarakuvaus askelten tahtiin ja takaperin kulkeminen tuottaa askeliin haparointia ja ep\u00e4varmuutta, jotka nostavat esiin ruumiin vanhenemisen eleit\u00e4.&nbsp;<\/p>\n\n\n\n<p class=\"wp-block-paragraph\">\u00c4\u00e4niraidan kuoro toistuu luuppina kuin arki, p\u00e4iv\u00e4t ja vuodet. Sellaista on my\u00f6s ik\u00e4 ja vanheneminen, el\u00e4m\u00e4 kerrostuu ja kertaantuu, muutos on syklist\u00e4. \u00c4iti ja tyt\u00e4r ovat kiinni toisissaan ja toistensa ruumiissa.<\/p>\n\n\n\n<p class=\"wp-block-paragraph\"><a href=\"https:\/\/www.av-arkki.fi\/fi\/artists\/minna-suoniemi\/\"><strong>Minna Suoniemi<\/strong><\/a> (s. 1972) on helsinkil\u00e4inen kuvataiteilija, joka ty\u00f6skentelee p\u00e4\u00e4asiassa liikkuvan kuvan ja \u00e4\u00e4nen parissa. H\u00e4n on taiteellisessa praktiikassaan ty\u00f6skennellyt muun muassa kontrollin, ruumiin, luokan ja perheen teemojen parissa. Uusissa teoksissaan h\u00e4n tutkii ik\u00e4\u00e4ntyv\u00e4n ruumiin materiaalisuutta ja ylisukupolvista kokemusta liiallisuudesta. H\u00e4nen akateemisiin kiinnostuksiinsa kuuluvat transformatiiviset, taidepohjaiset pedagogiset k\u00e4yt\u00e4nn\u00f6t, luokkakysymykset taiteessa ja taidekasvatuksessa sek\u00e4 ruumiilliset ja feministiset l\u00e4hestymistavat tiet\u00e4miseen ja tutkimiseen.<\/p>\n\n\n\n<p class=\"wp-block-paragraph\">Suoniemen teoksia on ollut esill\u00e4 Suomessa ja kansainv\u00e4lisesti, ja h\u00e4nen teoksiaan on edustettuna useissa taidekokoelmissa, kuten EMMAssa, Kiasmassa ja Suomen valtion taidekokoelmassa. H\u00e4n on toiminut luottamusteht\u00e4viss\u00e4 mm. Taiteen edist\u00e4miskeskuksessa ja ty\u00f6skennellyt taiteilijana ja pedagogina eri instituutioissa. Vuodesta 2014 Suoniemi on toiminut yliopistonlehtorina Aalto-yliopiston Taiteen ja median laitoksella.<\/p>\n\n\n\n<hr class=\"wp-block-separator has-alpha-channel-opacity\"\/>\n\n\n\n<p class=\"wp-block-paragraph\">Minna Suoniemi: <em>\u00c4iti\u00e4<\/em><br>14.3.\u20136.4.2025<br>Forum Boxin Mediabox<\/p>\n\n\n\n<p class=\"wp-block-paragraph\">Lis\u00e4tietoa: <a href=\"https:\/\/forumbox.fi\/exhibition\/aitia\/\" target=\"_blank\" rel=\"noreferrer noopener\">Forum Box<\/a><\/p>\n\n\n\n<p class=\"wp-block-paragraph\">Mediabox&nbsp;on Forum Boxin tila mediataiteelle. Uusinta mediataidetta esittelev\u00e4 ohjelmisto suunnitellaan yhteisty\u00f6ss\u00e4 AV-arkin kanssa. Tila toimii nyt yhten\u00e4 t\u00e4rke\u00e4n\u00e4 kanavana mediataiteelle. Mediaboxissa esitett\u00e4v\u00e4 videoteos on my\u00f6s mahdollista katsoa esteett\u00f6m\u00e4sti tabletilta Galleria Forum Boxin katutason tiloissa. Mik\u00e4li Mediabox on sinulle esteellinen, pyyd\u00e4th\u00e4n tabletin lainaan Forum Boxin henkil\u00f6kunnalta.<\/p>\n\n\n\n<p class=\"wp-block-paragraph\">Mediaboxin vuoden 2025 ohjelmiston ovat kuratoineet AV-arkin ohjelmakoordinaattori Avreno Heikka, kuraattori Yilin Ma ja kuraattori Erika Ryppieva.<\/p>\n\n\n\n<hr class=\"wp-block-separator has-alpha-channel-opacity\"\/>\n\n\n\n<p class=\"wp-block-paragraph\"><strong><strong>AV-arkki on edist\u00e4nyt suomalaisen mediataiteen asemaa vuodesta 1989. Taiteilijat osallistuvat t\u00e4h\u00e4n tapahtumaan AV-arkin edist\u00e4misty\u00f6n ansiosta. Jos haluat seurata viimeisimpi\u00e4 uutisiamme,&nbsp;<a href=\"https:\/\/docs.google.com\/forms\/d\/e\/1FAIpQLScRk9tzatszRifgSHUt4F7eb0ZcA7Smom4-Fo0wJ8rEILTMvg\/viewform?usp=sf_link\">tilaa uutiskirjeemme<\/a>!<\/strong><\/strong><\/p>\n","protected":false},"excerpt":{"rendered":"<p>Forum Boxin Mediaboxissa on esill\u00e4 14.3.\u20136.4.2025 Minna Suoniemen teos \u00c4iti\u00e4. Teoksessa \u00c4iti\u00e4 (2024) aikuinen tyt\u00e4r kantaa \u00e4iti\u00e4 sel\u00e4ss\u00e4\u00e4n ponnistellen l\u00e4pi syksyisen mets\u00e4n. \u00c4iti\u00e4, \u00e4itiminen (mothering) viittaa \u00e4itiyteen jatkuvana&#8230; <a class=\"excerpt-read-more\" href=\"https:\/\/www.av-arkki.fi\/fi\/uutiset\/minna-suoniemen-aitia-2024-esilla-mediaboxissa-14-3-6-4-2025\/\" title=\"ReadMinna Suoniemen \u00c4iti\u00e4 (2024) esill\u00e4 Mediaboxissa 14.3.\u20136.4.2025\">Lue lis\u00e4\u00e4 \u00bb<\/a><\/p>\n","protected":false},"author":10,"featured_media":1858678,"comment_status":"closed","ping_status":"closed","sticky":false,"template":"","format":"standard","meta":{"_acf_changed":false,"footnotes":""},"categories":[1],"tags":[1337,1338,1342,1340],"class_list":["post-1858677","post","type-post","status-publish","format-standard","has-post-thumbnail","hentry","category-uutiset","tag-av-arkin-levitystoiminta","tag-helsinki","tag-kotimaa","tag-mediabox"],"acf":[],"_links":{"self":[{"href":"https:\/\/www.av-arkki.fi\/fi\/wp-json\/wp\/v2\/posts\/1858677","targetHints":{"allow":["GET"]}}],"collection":[{"href":"https:\/\/www.av-arkki.fi\/fi\/wp-json\/wp\/v2\/posts"}],"about":[{"href":"https:\/\/www.av-arkki.fi\/fi\/wp-json\/wp\/v2\/types\/post"}],"author":[{"embeddable":true,"href":"https:\/\/www.av-arkki.fi\/fi\/wp-json\/wp\/v2\/users\/10"}],"replies":[{"embeddable":true,"href":"https:\/\/www.av-arkki.fi\/fi\/wp-json\/wp\/v2\/comments?post=1858677"}],"version-history":[{"count":0,"href":"https:\/\/www.av-arkki.fi\/fi\/wp-json\/wp\/v2\/posts\/1858677\/revisions"}],"wp:featuredmedia":[{"embeddable":true,"href":"https:\/\/www.av-arkki.fi\/fi\/wp-json\/wp\/v2\/media\/1858678"}],"wp:attachment":[{"href":"https:\/\/www.av-arkki.fi\/fi\/wp-json\/wp\/v2\/media?parent=1858677"}],"wp:term":[{"taxonomy":"category","embeddable":true,"href":"https:\/\/www.av-arkki.fi\/fi\/wp-json\/wp\/v2\/categories?post=1858677"},{"taxonomy":"post_tag","embeddable":true,"href":"https:\/\/www.av-arkki.fi\/fi\/wp-json\/wp\/v2\/tags?post=1858677"}],"curies":[{"name":"wp","href":"https:\/\/api.w.org\/{rel}","templated":true}]}}