{"id":1858286,"date":"2024-11-08T12:23:46","date_gmt":"2024-11-08T09:23:46","guid":{"rendered":"https:\/\/www.av-arkki.fi\/?p=1858286"},"modified":"2024-11-08T13:28:07","modified_gmt":"2024-11-08T10:28:07","slug":"tiekartta_selvityshanke","status":"publish","type":"post","link":"https:\/\/www.av-arkki.fi\/fi\/news\/tiekartta_selvityshanke\/","title":{"rendered":"Visuaalisten alojen toimijat kartoittavat mahdollista yhdentymist\u00e4, selvityshenkil\u00f6ksi YTT Juha Heikkala"},"content":{"rendered":"\n<p>Opetus- ja&nbsp;kulttuuriministeri\u00f6n tukemassa hankkeessa on tavoitteena selvitt\u00e4\u00e4 edellytyksi\u00e4 visuaalisen alan yhteis\u00f6jen&nbsp;mahdolliselle&nbsp;yhdentymiselle. Tiekartta on ty\u00f6kalu tulevaisuuden kehitt\u00e4miselle ja keskusteluille.<\/p>\n\n\n\n<p>Suomen Taiteilijaseura, AV-arkki, Frame Contemporary Art Finland sek\u00e4 Kuvataiteen talo ry ovat saaneet opetus- ja kulttuuriministeri\u00f6lt\u00e4 hankeavustuksen visuaalisten alojen toimijoiden yhdentymistiekartan laatimiseen. Hanke k\u00e4ynnistyy vuoden 2025 alussa.<\/p>\n\n\n\n<p>Hankkeessa keskityt\u00e4\u00e4n erityyppisten toimijaverkostojen yhteisty\u00f6n syvent\u00e4misen ja yhdentymisen mahdollisuuksiin sek\u00e4 n\u00e4iden etuihin ja haittoihin.&nbsp;Hankkeessa tarkastellaan esimerkkitapauksina kahta erilaista toimijaverkostoa ja niiden yhdentymisen mahdollisuuksia: 1) Suomen Taiteilijaseuran ja sen kuuden j\u00e4senliiton (MUU ry, Suomen Kuvanveist\u00e4j\u00e4liitto, Suomen Kuvataidej\u00e4rjest\u00f6jen liitto, Suomen Taidegraafikot, Taidemaalariliitto ja Valokuvataiteilijoiden liitto) sek\u00e4 2) mediataidealan kansainv\u00e4lisesti toimivien yhdistysten: AV-arkki ry, Biotaiteen seura ry, M-Cult, Pixelache Helsinki (Piknik Frequency ry) ja Suomen valotaiteen seura FLASH.<\/p>\n\n\n\n<p>Tiekartta on ty\u00f6kalu kehitt\u00e4miselle ja keskusteluille, eik\u00e4 mik\u00e4\u00e4n organisaatio ole t\u00e4ss\u00e4 vaiheessa sitoutunut yhdistymiseen.<\/p>\n\n\n\n<p>&#8211; Hanke on l\u00e4htenyt liikkeelle havainnosta, ett\u00e4 vaikka visuaalisten alojen yhdistyskentt\u00e4 on rikas ja monipuolinen, tehd\u00e4\u00e4n yhdistyksiss\u00e4 osin p\u00e4\u00e4llekk\u00e4ist\u00e4 ty\u00f6t\u00e4. Visuaalisten alojen yhteis\u00f6t ovat my\u00f6s tutkitusti keskim\u00e4\u00e4rin muita taiteenaloja heikommin rahoitettuja. Kiristynyt kulttuurin rahoitustilanne on antanut lopullisen sys\u00e4yksen selvityshankkeen toteuttamiselle, mutta alalla on k\u00e4yty jo pitk\u00e4\u00e4n aktiivista ja hyv\u00e4\u00e4 keskustelua yhteistoiminnallisuudesta ja yhdentymisest\u00e4 esimerkiksi Kuvataiteen talo -verkostoty\u00f6n my\u00f6t\u00e4, kertoo Suomen Taiteilijaseuran toiminnanjohtaja&nbsp;<strong>Annukka V\u00e4h\u00e4s\u00f6yrinki<\/strong>.<\/p>\n\n\n\n<p>&#8211; Mediataidealan yhteis\u00f6t ovat jo pitk\u00e4\u00e4n tehneet yhteisty\u00f6t\u00e4 monenlaisissa hankkeissa ja toimialan kehitt\u00e4misess\u00e4, toisiaan tukien. Toiminnoissamme ei ole p\u00e4\u00e4llekk\u00e4isyyksi\u00e4, mutta kaikki yhteis\u00f6t painivat pienten resurssien kanssa. K\u00e4ynnistyv\u00e4 selvityshanke antaa meille mahdollisuuden pohtia kent\u00e4n kehitt\u00e4mist\u00e4 uusista n\u00e4k\u00f6kulmista, sanoo AV-arkin toiminnanjohtaja <strong>Hanna Maria Anttila<\/strong>.&nbsp;<\/p>\n\n\n\n<h2 class=\"wp-block-heading\">Selvityshenkil\u00f6ksi YTT Juha Heikkala<\/h2>\n\n\n\n<p>Hankkeen selvityshenkil\u00f6ksi on valittu yhteiskuntatieteiden tohtori&nbsp;<strong>Juha Heikkala<\/strong>. Selvityshenkil\u00f6n teht\u00e4v\u00e4n\u00e4 on tuottaa tiekartta visuaalisen alan organisaatioiden yhdistymiselle. Heikkalan toimeksiantajana toimii Suomen Taiteilijaseura. Heikkala aloittaa hankkeen parissa ty\u00f6skentelyn tammikuussa 2025.<\/p>\n\n\n\n<p>Heikkalalla on yli kahdenkymmenen vuoden kokemus j\u00e4rjest\u00f6kent\u00e4lt\u00e4. H\u00e4n on konsultoinut yli 60 strategiaprosessia eri alojen kansalaisj\u00e4rjest\u00f6jen, julkisyhteis\u00f6jen ja muiden yhteis\u00f6jen kanssa. Ennen konsultin uraansa Heikkala on toiminut virkamiehen\u00e4 opetus- ja kulttuuriministeri\u00f6ss\u00e4 sek\u00e4 asiantuntijana liikuntaj\u00e4rjest\u00f6iss\u00e4. Heikkala on ollut selvitt\u00e4m\u00e4ss\u00e4 tai toteuttamassa j\u00e4rjest\u00f6jen yhdistymisi\u00e4 ammattiliittojen keskusj\u00e4rjest\u00f6jen, liikuntaj\u00e4rjest\u00f6jen, kehitysyhteisty\u00f6j\u00e4rjest\u00f6jen, Leader-ryhmien sek\u00e4 alueellisten piiriorganisaatioiden kanssa.&nbsp;Kulttuurin ala on tullut Heikkalalle tutuksi h\u00e4nen konsultoidessaan TEMEn sek\u00e4 Sirkuksen ja tanssin tiedotuskeskuksen strategiaprosesseja.<\/p>\n\n\n\n<p>\u2013 Teht\u00e4v\u00e4 on eritt\u00e4in innostava, n\u00e4en kulttuurin kent\u00e4n eritt\u00e4in mielenkiintoisena alana. Aika on turbulenttia ja pid\u00e4n t\u00e4rke\u00e4n\u00e4 sit\u00e4, ett\u00e4 kulttuurin alalla yhteis\u00f6t pohtivat ennakoivasti toimintaansa ja mahdollista yhdistymist\u00e4, Juha Heikkala kertoo.<\/p>\n\n\n\n<p>Kent\u00e4n kuuleminen t\u00e4rke\u00e4 osa hanketta<\/p>\n\n\n\n<p>Hankkeessa ty\u00f6stet\u00e4\u00e4n skenaariol\u00e4ht\u00f6isesti tulevaisuudenn\u00e4kymi\u00e4 visuaalisten alojen yhteis\u00f6jen yhteisty\u00f6lle ja mahdolliselle yhdentymiselle. Ty\u00f6n aikana selvityshenkil\u00f6 kuulee mukana olevia organisaatiotoimijoita. Hankkeessa kartoitetaan my\u00f6s taiteilijoiden n\u00e4kemyksi\u00e4 tulevaisuuden palvelutarpeista.<\/p>\n\n\n\n<p>Hankkeen lopputuloksena syntyy tiekartta eli kirjallinen selvitys ja ohjeistus, joka k\u00e4\u00e4nnet\u00e4\u00e4n my\u00f6s englanniksi ja julkaistaan. N\u00e4in hankkeen tuloksista p\u00e4\u00e4sev\u00e4t hy\u00f6tym\u00e4\u00e4n eri kokoiset, eri puolilla Suomea toimivat kulttuurialan yhteis\u00f6t, jotka harkitsevat yhdentymist\u00e4. Selvitys tulee sis\u00e4lt\u00e4m\u00e4\u00e4n my\u00f6s vertailevan selvityksen yhdentymisesimerkeist\u00e4 muilta taiteenaloilta ja toimialoilta.<\/p>\n\n\n\n<p>Tiedon v\u00e4litt\u00e4jin\u00e4 ja alustoina alan laajemmalle yhteis\u00f6verkostolle toimivat hankekumppanit Frame Contemporary Art Finland sek\u00e4 Kuvataiteen talo ry.<\/p>\n\n\n\n<p><strong>Lis\u00e4tietoja:<\/strong><\/p>\n\n\n\n<p>Annukka V\u00e4h\u00e4s\u00f6yrinki<br>Toiminnanjohtaja, Suomen Taiteilijaseura<br>puh. 0400 773 105<br>annukka.vahasoyrinki@artists.fi<\/p>\n\n\n\n<p>Hanna Maria Anttila<br>Toiminnanjohtaja, AV-arkki<br>puh. 040&nbsp;557 0320<br>director@av-arkki.fi<\/p>\n\n\n\n<p>Juha Huuskonen<br>Toimitusjohtaja, Frame Contemporary Art Finland<br>juha.huuskonen@frame-finland.fi<br><br>Venla Styrman<br>Projektikoordinaattori, Kuvataiteen talo<br>venla@kuvataiteentalo.fi<\/p>\n\n\n\n<p><\/p>\n\n\n\n<figure class=\"wp-block-image size-large is-resized\"><img loading=\"lazy\" decoding=\"async\" width=\"1024\" height=\"259\" src=\"https:\/\/www.av-arkki.fi\/wp-content\/uploads\/2020\/05\/OKM_FI_2rivi_logot_ISO-1024x259.jpg\" alt=\"Opetus- ja kulttuuriministeri\u00f6n logo\" class=\"wp-image-753810\" style=\"width:415px;height:auto\" srcset=\"https:\/\/www.av-arkki.fi\/wp-content\/uploads\/2020\/05\/OKM_FI_2rivi_logot_ISO-1024x259.jpg 1024w, https:\/\/www.av-arkki.fi\/wp-content\/uploads\/2020\/05\/OKM_FI_2rivi_logot_ISO-300x76.jpg 300w, https:\/\/www.av-arkki.fi\/wp-content\/uploads\/2020\/05\/OKM_FI_2rivi_logot_ISO-768x194.jpg 768w\" sizes=\"auto, (max-width: 1024px) 100vw, 1024px\" \/><\/figure>\n\n\n\n<p><\/p>\n","protected":false},"excerpt":{"rendered":"<p>Opetus- ja&nbsp;kulttuuriministeri\u00f6n tukemassa hankkeessa on tavoitteena selvitt\u00e4\u00e4 edellytyksi\u00e4 visuaalisen alan yhteis\u00f6jen&nbsp;mahdolliselle&nbsp;yhdentymiselle. Tiekartta on ty\u00f6kalu tulevaisuuden kehitt\u00e4miselle ja keskusteluille. Suomen Taiteilijaseura, AV-arkki, Frame Contemporary Art Finland sek\u00e4 Kuvataiteen talo&#8230; <a class=\"excerpt-read-more\" href=\"https:\/\/www.av-arkki.fi\/fi\/news\/tiekartta_selvityshanke\/\" title=\"ReadVisuaalisten alojen toimijat kartoittavat mahdollista yhdentymist\u00e4, selvityshenkil\u00f6ksi YTT Juha Heikkala\">Lue lis\u00e4\u00e4 \u00bb<\/a><\/p>\n","protected":false},"author":4,"featured_media":1858287,"comment_status":"closed","ping_status":"closed","sticky":false,"template":"","format":"standard","meta":{"_acf_changed":false,"footnotes":""},"categories":[35],"tags":[1341,1342],"class_list":["post-1858286","post","type-post","status-publish","format-standard","has-post-thumbnail","hentry","category-news","tag-hankkeet","tag-kotimaa"],"acf":[],"_links":{"self":[{"href":"https:\/\/www.av-arkki.fi\/fi\/wp-json\/wp\/v2\/posts\/1858286","targetHints":{"allow":["GET"]}}],"collection":[{"href":"https:\/\/www.av-arkki.fi\/fi\/wp-json\/wp\/v2\/posts"}],"about":[{"href":"https:\/\/www.av-arkki.fi\/fi\/wp-json\/wp\/v2\/types\/post"}],"author":[{"embeddable":true,"href":"https:\/\/www.av-arkki.fi\/fi\/wp-json\/wp\/v2\/users\/4"}],"replies":[{"embeddable":true,"href":"https:\/\/www.av-arkki.fi\/fi\/wp-json\/wp\/v2\/comments?post=1858286"}],"version-history":[{"count":0,"href":"https:\/\/www.av-arkki.fi\/fi\/wp-json\/wp\/v2\/posts\/1858286\/revisions"}],"wp:featuredmedia":[{"embeddable":true,"href":"https:\/\/www.av-arkki.fi\/fi\/wp-json\/wp\/v2\/media\/1858287"}],"wp:attachment":[{"href":"https:\/\/www.av-arkki.fi\/fi\/wp-json\/wp\/v2\/media?parent=1858286"}],"wp:term":[{"taxonomy":"category","embeddable":true,"href":"https:\/\/www.av-arkki.fi\/fi\/wp-json\/wp\/v2\/categories?post=1858286"},{"taxonomy":"post_tag","embeddable":true,"href":"https:\/\/www.av-arkki.fi\/fi\/wp-json\/wp\/v2\/tags?post=1858286"}],"curies":[{"name":"wp","href":"https:\/\/api.w.org\/{rel}","templated":true}]}}