{"id":1814219,"date":"2024-01-25T12:52:05","date_gmt":"2024-01-25T09:52:05","guid":{"rendered":"https:\/\/www.av-arkki.fi\/?p=1814219"},"modified":"2024-01-25T13:14:26","modified_gmt":"2024-01-25T10:14:26","slug":"av-arkkixraina-pt1","status":"publish","type":"post","link":"https:\/\/www.av-arkki.fi\/fi\/news\/av-arkkixraina-pt1\/","title":{"rendered":"AV-arkin ja Rainan yhteisty\u00f6n tuloksia elokuvafestivaaleilla"},"content":{"rendered":"\n<p>AV-arkki ja Raina Film Festival Distribution tekev\u00e4t yhteisty\u00f6t\u00e4 lyhytelokuvien kansainv\u00e4lisen levityksen parissa. Alla l\u00f6yd\u00e4t nostoja yhteisty\u00f6n tuloksista kansainv\u00e4lisill\u00e4 festivaaleilla. <\/p>\n\n\n\n<p>Rainan ja AV-arkin yhteisty\u00f6 on osa isompaa vuosina 2022-2024 toteutettavaa hankekokonaisuutta, joka toteutetaan opetus- ja kulttuuriministeri\u00f6n my\u00f6nt\u00e4m\u00e4n kulttuuri- ja luovien alojen uudistumisen rakennetuen turvin. Hankkeessa kehitet\u00e4\u00e4n suomalaisen mediataiteen kansainv\u00e4lisen festivaalijakelun prosesseja ja yhteisty\u00f6malleja. Hankkeessa korostuu my\u00f6s organisaatioiden v\u00e4linen vertaisoppiminen. Pilottihanke purkaa siiloja audiovisuaalisten taidemuotojen sis\u00e4ll\u00e4 sek\u00e4 nykytaiteen ja elokuva-alan v\u00e4lill\u00e4. <\/p>\n\n\n\n<p><a href=\"\/?p=1127774\" data-type=\"link\" data-id=\"https:\/\/www.av-arkki.fi\/artists\/anssi-kasitonni\/\">Anssi Kasitonnin<\/a> <a href=\"\/?p=1505252\" data-type=\"link\" data-id=\"https:\/\/www.av-arkki.fi\/works\/le-saboteur\/\">Le Saboteur<\/a> (2022) on kiert\u00e4nyt maailmaa muun muassa <a href=\"https:\/\/www.av-arkki.fi\/news\/court-metrange23\/\" data-type=\"link\" data-id=\"https:\/\/www.av-arkki.fi\/news\/court-metrange23\/\">Ranskassa<\/a>, <a href=\"https:\/\/www.av-arkki.fi\/news\/weiterstadtff23\/\" data-type=\"link\" data-id=\"https:\/\/www.av-arkki.fi\/news\/weiterstadtff23\/\">Saksassa<\/a>, <a href=\"https:\/\/www.av-arkki.fi\/news\/saboteur-summer23\/\" data-type=\"link\" data-id=\"https:\/\/www.av-arkki.fi\/news\/saboteur-summer23\/\">Tsekiss\u00e4 ja Puolassa<\/a> sek\u00e4 <a href=\"https:\/\/www.av-arkki.fi\/news\/bafici-award23\/\" data-type=\"link\" data-id=\"https:\/\/www.av-arkki.fi\/news\/bafici-award23\/\">Buenos Airesissa<\/a>, <a href=\"https:\/\/www.av-arkki.fi\/news\/viennashorts23\/\" data-type=\"link\" data-id=\"https:\/\/www.av-arkki.fi\/news\/viennashorts23\/\">It\u00e4vallassa<\/a>, <a href=\"https:\/\/www.av-arkki.fi\/news\/glasgowsff\/\" data-type=\"link\" data-id=\"https:\/\/www.av-arkki.fi\/news\/glasgowsff\/\">Skotlannissa<\/a> ja <a href=\"https:\/\/www.av-arkki.fi\/news\/kasitonnifestivals040523\/\" data-type=\"link\" data-id=\"https:\/\/www.av-arkki.fi\/news\/kasitonnifestivals040523\/\">Kanadassa<\/a>.<\/p>\n\n\n\n<p><a href=\"https:\/\/www.av-arkki.fi\/news\/court-metrange23\/\" data-type=\"link\" data-id=\"https:\/\/www.av-arkki.fi\/news\/court-metrange23\/\">Anssi Kasitonni\u2019s Le Saboteur screened in the youth competition of Court M\u00e9trange<\/a><br><a href=\"https:\/\/www.av-arkki.fi\/news\/weiterstadtff23\/\" data-type=\"link\" data-id=\"https:\/\/www.av-arkki.fi\/news\/weiterstadtff23\/\">Anssi Kasitonni\u2019s Le Saboteur screened at Open-Air Filmfest Weiterstadt,<\/a><br><a href=\"https:\/\/www.av-arkki.fi\/news\/saboteur-summer23\/\" data-type=\"link\" data-id=\"https:\/\/www.av-arkki.fi\/news\/saboteur-summer23\/\">Anssi Kasitonni\u2019s Le Saboteur screened in Czech Republic and Poland<\/a><br><a href=\"https:\/\/www.av-arkki.fi\/news\/bafici-award23\/\" data-type=\"link\" data-id=\"https:\/\/www.av-arkki.fi\/news\/bafici-award23\/\">Anssi Kasitonni\u2019s Le Saboteur awarded at BAFICI, Buenos Aires<\/a><br><a href=\"https:\/\/www.av-arkki.fi\/news\/viennashorts23\/\" data-type=\"link\" data-id=\"https:\/\/www.av-arkki.fi\/news\/viennashorts23\/\">Finnish artists\u2019 short films compete at Vienna Shorts<\/a><br><a href=\"https:\/\/www.av-arkki.fi\/news\/kasitonnifestivals040523\/\" data-type=\"link\" data-id=\"https:\/\/www.av-arkki.fi\/news\/kasitonnifestivals040523\/\">Anssi Kasitonni\u2019s short films at Filmfest Dresden, Flatpack Festival and Cabane \u00e0 Sang Short Film Festival<\/a><br><a href=\"https:\/\/www.av-arkki.fi\/news\/glasgowsff\/\" data-type=\"link\" data-id=\"https:\/\/www.av-arkki.fi\/news\/glasgowsff\/\">Anssi Kasitonni\u2019s Le Saboteur screened at Glasgow Short Film Festival<\/a><\/p>\n\n\n\n<p><a href=\"\/?p=1128137\" data-type=\"link\" data-id=\"https:\/\/www.av-arkki.fi\/artists\/azar-saiyar\/\">Azar Saiyarin<\/a> <a href=\"\/?p=1496615\" data-type=\"link\" data-id=\"https:\/\/www.av-arkki.fi\/works\/mun-koti\/\">Mun koti<\/a> (2023) on ollut esill\u00e4 AV-arkin ja Rainan levitt\u00e4m\u00e4n\u00e4 esimerkiksi <a href=\"https:\/\/www.av-arkki.fi\/news\/minimalen-24\/\" data-type=\"link\" data-id=\"https:\/\/www.av-arkki.fi\/news\/minimalen-24\/\">Minimalenissa<\/a>, <a href=\"https:\/\/www.av-arkki.fi\/news\/crossroads23\/\" data-type=\"link\" data-id=\"https:\/\/www.av-arkki.fi\/news\/crossroads23\/\">Crossroads-festivaalilla<\/a>, <a href=\"https:\/\/www.av-arkki.fi\/news\/videoex23\/\" data-type=\"link\" data-id=\"https:\/\/www.av-arkki.fi\/news\/videoex23\/\">Videoexissa<\/a>, <a href=\"https:\/\/www.av-arkki.fi\/news\/tampere-film-festival23\/\" data-type=\"link\" data-id=\"https:\/\/www.av-arkki.fi\/news\/tampere-film-festival23\/\">Tampereen elokuvajuhlilla<\/a> ja <a href=\"https:\/\/www.av-arkki.fi\/news\/saiyar-my-home-laceno-doro\/\" data-type=\"link\" data-id=\"https:\/\/www.av-arkki.fi\/news\/saiyar-my-home-laceno-doro\/\">Laceno d&#8217;Oro-festivaaleilla<\/a>.<\/p>\n\n\n\n<p><a href=\"https:\/\/www.av-arkki.fi\/news\/minimalen-24\/\" data-type=\"link\" data-id=\"https:\/\/www.av-arkki.fi\/news\/minimalen-24\/\">Minimalen Short Film Festival features films by Azar Saiyar, Maija Bl\u00e5field and Hanna Hovitie<\/a><br><a href=\"https:\/\/www.av-arkki.fi\/news\/festival-des-cinemas23\/\" data-type=\"link\" data-id=\"https:\/\/www.av-arkki.fi\/news\/festival-des-cinemas23\/\">Azar Saiyar\u2019s, Niina Suominen\u2019s and Ilppo Pohjola\u2019s films at Festival des Cin\u00e9mas Diff\u00e9rents et Exp\u00e9rimentaux de Paris<\/a><br><a href=\"https:\/\/www.av-arkki.fi\/news\/crossroads23\/\" data-type=\"link\" data-id=\"https:\/\/www.av-arkki.fi\/news\/crossroads23\/\">Azar Saiyar\u2019s My Home screened at Crossroads, San Francisco Cinematheque<\/a><br><a href=\"https:\/\/www.av-arkki.fi\/news\/videoex23\/\" data-type=\"link\" data-id=\"https:\/\/www.av-arkki.fi\/news\/videoex23\/\">Azar Saiyar\u2019s My Home and Pink Twins\u2019 The Transient selected for the international competition of Videoex, Z\u00fcrich<\/a><br><a href=\"https:\/\/www.av-arkki.fi\/news\/tampere-film-festival23\/\" data-type=\"link\" data-id=\"https:\/\/www.av-arkki.fi\/news\/tampere-film-festival23\/\">Azar Saiyar\u2019s retrospective, Ukrainian films and other highlights of this years Tampere Film Festival<\/a><br><a href=\"https:\/\/www.av-arkki.fi\/news\/saiyar-my-home-laceno-doro\/\" data-type=\"link\" data-id=\"https:\/\/www.av-arkki.fi\/news\/saiyar-my-home-laceno-doro\/\">Azar Saiyar\u2019s My Home part of short-movies competion at Laceno d\u2019Oro in Italy<\/a><\/p>\n\n\n\n<p><a href=\"\/?p=1128200\" data-type=\"link\" data-id=\"https:\/\/www.av-arkki.fi\/artists\/niina-suominen\/\">Niina Suomisen<\/a> <a href=\"\/?p=1600959\" data-type=\"link\" data-id=\"https:\/\/www.av-arkki.fi\/works\/kultainen-paansarkija\/\">Kultainen p\u00e4\u00e4ns\u00e4rkij\u00e4<\/a> (2022) on ollut esill\u00e4 muun muassa <a href=\"https:\/\/www.av-arkki.fi\/news\/golden-headacher-rising-of-lusitania-23\/\" data-type=\"link\" data-id=\"https:\/\/www.av-arkki.fi\/news\/golden-headacher-rising-of-lusitania-23\/\">Puolassa<\/a>, <a href=\"https:\/\/www.av-arkki.fi\/news\/luff23\/\" data-type=\"link\" data-id=\"https:\/\/www.av-arkki.fi\/news\/luff23\/\">Sveitsiss\u00e4<\/a>, <a href=\"https:\/\/www.av-arkki.fi\/news\/fronteira23\/\" data-type=\"link\" data-id=\"https:\/\/www.av-arkki.fi\/news\/fronteira23\/\">Brasiliassa<\/a>, <a href=\"https:\/\/www.av-arkki.fi\/news\/animist23\/\" data-type=\"link\" data-id=\"https:\/\/www.av-arkki.fi\/news\/animist23\/\">Virossa<\/a> sek\u00e4 <a href=\"https:\/\/www.av-arkki.fi\/news\/minikino23\/\" data-type=\"link\" data-id=\"https:\/\/www.av-arkki.fi\/news\/minikino23\/\">Balilla Singaporessa<\/a>.<br><br><a href=\"https:\/\/www.av-arkki.fi\/news\/golden-headacher-rising-of-lusitania-23\/\" data-type=\"link\" data-id=\"https:\/\/www.av-arkki.fi\/news\/golden-headacher-rising-of-lusitania-23\/\">Golden Headacher awarded a Personal Honourable Mention at Rising of Lusitania \u2013 AnimaDoc Film Festival<\/a><br><a href=\"https:\/\/www.av-arkki.fi\/news\/luff23\/\" data-type=\"link\" data-id=\"https:\/\/www.av-arkki.fi\/news\/luff23\/\">Niina Suominen\u2019s Golden Headacher screened at Lausanne Underground Film &amp; Music Festival, Switzerland<\/a><br><a href=\"https:\/\/www.av-arkki.fi\/news\/fronteira23\/\">Niina Suominen\u2019s Golden Headacher selected for Fronteira Festival, Brazil<\/a><br><a href=\"https:\/\/www.av-arkki.fi\/news\/animist23\/\">Niina Suominen\u2019s Golden Headacher screened at Animist Tallinn International Animation Film Festival<\/a><br><a href=\"https:\/\/www.av-arkki.fi\/news\/minikino23\/\">August Joensalo\u2019s, Niina Suominen\u2019s, and Jenni Toikka\u2019s short films screened at Minikino Film Week, Bali<\/a><\/p>\n\n\n\n<p><a href=\"\/?p=1127610\" data-type=\"link\" data-id=\"https:\/\/www.av-arkki.fi\/artists\/maija-blafield\/\">Maija Bl\u00e5fieldin<\/a> <a href=\"\/?p=1772938\" data-type=\"link\" data-id=\"https:\/\/www.av-arkki.fi\/works\/scenic-view\/\">Scenic View<\/a> on kiert\u00e4nyt festivaaleja muun muassa <a href=\"https:\/\/www.av-arkki.fi\/news\/london-sff-24\/\" data-type=\"link\" data-id=\"https:\/\/www.av-arkki.fi\/news\/london-sff-24\/\">Lontoossa<\/a>, <a href=\"https:\/\/www.av-arkki.fi\/news\/scenic-view-kisff-23\/\" data-type=\"link\" data-id=\"https:\/\/www.av-arkki.fi\/news\/scenic-view-kisff-23\/\">Kiovassa<\/a>, <a href=\"https:\/\/www.av-arkki.fi\/news\/short-waves-23\/\" data-type=\"link\" data-id=\"https:\/\/www.av-arkki.fi\/news\/short-waves-23\/\">Poznanissa<\/a>, <a href=\"https:\/\/www.av-arkki.fi\/news\/interfilm-berlin-23\/\" data-type=\"link\" data-id=\"https:\/\/www.av-arkki.fi\/news\/interfilm-berlin-23\/\">Berliiniss\u00e4<\/a>, <a href=\"https:\/\/www.av-arkki.fi\/uutiset\/nordic-film-days23\/\" data-type=\"link\" data-id=\"https:\/\/www.av-arkki.fi\/news\/nordic-film-days23\/\">Lyypekiss\u00e4<\/a> ja <a href=\"https:\/\/www.av-arkki.fi\/news\/uppsala23\/\" data-type=\"link\" data-id=\"https:\/\/www.av-arkki.fi\/news\/uppsala23\/\">Uppsalassa<\/a>. Elokuva voitti lyhytelokuvien kotimaisen kilpailun <a href=\"https:\/\/www.av-arkki.fi\/news\/tampere-film-festival23\/\" data-type=\"link\" data-id=\"https:\/\/www.av-arkki.fi\/news\/tampere-film-festival23\/\">Tampereen elokuvajuhlilla<\/a> sek\u00e4 sai kunniamaininnan festivaalin kansainv\u00e4lisess\u00e4 kilpailussa.<\/p>\n\n\n\n<p><a href=\"https:\/\/www.av-arkki.fi\/news\/london-sff-24\/\">Maija Bl\u00e5field\u2019s Scenic View screened at London Short Film Festival<\/a><br><a href=\"https:\/\/www.av-arkki.fi\/news\/scenic-view-kisff-23\/\">Maija Bl\u00e5field\u2019s Scenic View receives a special mention at Kyiv International Short Film Festival<\/a><br><a href=\"https:\/\/www.av-arkki.fi\/news\/short-waves-23\/\">Short Waves features Maija Bl\u00e5field\u2019s Scenic View, Jussi Eerola\u2019s Grasshopper and Matti Harju\u2019s Ecstasy<\/a><br><a href=\"https:\/\/www.av-arkki.fi\/news\/interfilm-berlin-23\/\">Maija Bl\u00e5field\u2019s Scenic View screened at Interfilm Berlin<\/a><br><a href=\"https:\/\/www.av-arkki.fi\/uutiset\/nordic-film-days23\/\">Short films by Jan Ij\u00e4s, Maija Bl\u00e5field and Risto-Pekka Blom screened at Nordic Film Days L\u00fcbeck<\/a><br><a href=\"https:\/\/www.av-arkki.fi\/news\/uppsala23\/\">Short films by Maija Bl\u00e5field, Pink Twins, Marja Helander, Arttu Nieminen and Milja Viita at Uppsala Short Film Festival<\/a><\/p>\n\n\n\n<p>Jan Ij\u00e4ksen dokumenttielokuva House of the Wickedest Man in the World on esitetty esimerkiksi <a href=\"https:\/\/www.av-arkki.fi\/news\/wickedesthotdocsindielisboa\/\" data-type=\"link\" data-id=\"https:\/\/www.av-arkki.fi\/news\/wickedesthotdocsindielisboa\/\">Hot Docsissa<\/a> sek\u00e4 Lissabonin <a href=\"https:\/\/www.av-arkki.fi\/news\/indielisboa23\/\" data-type=\"link\" data-id=\"https:\/\/www.av-arkki.fi\/news\/indielisboa23\/\">IndieLisboassa<\/a>, jossa teos <a href=\"https:\/\/www.av-arkki.fi\/news\/indielisboa23award\/\" data-type=\"link\" data-id=\"https:\/\/www.av-arkki.fi\/news\/indielisboa23award\/\">voitti parhaan lyhytelokuvan palkinnon<\/a>.<\/p>\n\n\n\n<p><a href=\"https:\/\/www.av-arkki.fi\/news\/indielisboa23award\/\">Jan Ij\u00e4s\u2019s House of the Wickedest Man in the World awarded as the best short film of the Silvestre competition<\/a><br><a href=\"https:\/\/www.av-arkki.fi\/news\/indielisboa23\/\">Jenni Toikka\u2019s and Jan Ij\u00e4s\u2019 short films compete at IndieLisboa<\/a><br><a href=\"https:\/\/www.av-arkki.fi\/news\/wickedesthotdocsindielisboa\/\">Jan Ij\u00e4s\u2019s House of the Wickedest Man in the World screened at Hot Docs and IndieLisboa<\/a><\/p>\n\n\n\n<p>Raina Film Festival Distribution on Helsingiss\u00e4 toimiva vuonna 2019 perustettu yritys, joka tarjoaa ammattimaista festivaalijakelua dokumenttielokuville ja lyhytelokuville. Esityksist\u00e4 kertyv\u00e4t tuotot ohjataan t\u00e4ysim\u00e4\u00e4r\u00e4isesti elokuvan tuottajalle. <\/p>\n\n\n\n<hr class=\"wp-block-separator has-alpha-channel-opacity\"\/>\n\n\n\n<h2 class=\"wp-block-heading\">Kulttuuri- ja luovien alojen uudistumisen rakennetuki<\/h2>\n\n\n\n<p>Suomen kest\u00e4v\u00e4n kasvun ohjelmalla tuetaan hallitusohjelman tavoitteiden mukaisesti ekologisesti, sosiaalisesti ja taloudellisesti kest\u00e4v\u00e4\u00e4 kasvua. Suomen elpymis- ja palautumissuunnitelman rahoitus tulee EU:n elpymis- ja palautumistukiv\u00e4lineest\u00e4 (Rescue and Recovery Facility, RRF), joka on yksi EU:n kertaluonteisen elpymisv\u00e4lineen, Next Generation EU, ohjelmista.<\/p>\n\n\n\n<p><strong>&nbsp;Euroopan unionin rahoittama \u2013 NextGenerationEU<\/strong><\/p>\n\n\n\n<figure class=\"wp-block-image size-large\"><img loading=\"lazy\" decoding=\"async\" width=\"1024\" height=\"269\" src=\"https:\/\/www.av-arkki.fi\/wp-content\/uploads\/2022\/04\/EU_disclaimer_kestavakasvu_FI-black-1-1024x269.png\" alt=\"Next generation eu hanke logo\" class=\"wp-image-1542566\" srcset=\"https:\/\/www.av-arkki.fi\/wp-content\/uploads\/2022\/04\/EU_disclaimer_kestavakasvu_FI-black-1-1024x269.png 1024w, https:\/\/www.av-arkki.fi\/wp-content\/uploads\/2022\/04\/EU_disclaimer_kestavakasvu_FI-black-1-300x79.png 300w, https:\/\/www.av-arkki.fi\/wp-content\/uploads\/2022\/04\/EU_disclaimer_kestavakasvu_FI-black-1-768x202.png 768w, https:\/\/www.av-arkki.fi\/wp-content\/uploads\/2022\/04\/EU_disclaimer_kestavakasvu_FI-black-1.png 1330w\" sizes=\"auto, (max-width: 1024px) 100vw, 1024px\" \/><\/figure>\n\n\n\n<figure class=\"wp-block-image size-large\"><img loading=\"lazy\" decoding=\"async\" width=\"1024\" height=\"259\" src=\"https:\/\/www.av-arkki.fi\/wp-content\/uploads\/2020\/04\/OKM_FI_2rivi_logot_ISO-1024x259.jpg\" alt=\"\" class=\"wp-image-753785\" srcset=\"https:\/\/www.av-arkki.fi\/wp-content\/uploads\/2020\/04\/OKM_FI_2rivi_logot_ISO-1024x259.jpg 1024w, https:\/\/www.av-arkki.fi\/wp-content\/uploads\/2020\/04\/OKM_FI_2rivi_logot_ISO-300x76.jpg 300w, https:\/\/www.av-arkki.fi\/wp-content\/uploads\/2020\/04\/OKM_FI_2rivi_logot_ISO-768x194.jpg 768w\" sizes=\"auto, (max-width: 1024px) 100vw, 1024px\" \/><\/figure>\n\n\n\n<p><\/p>\n","protected":false},"excerpt":{"rendered":"<p>AV-arkki ja Raina Film Festival Distribution tekev\u00e4t yhteisty\u00f6t\u00e4 lyhytelokuvien kansainv\u00e4lisen levityksen parissa. Alla l\u00f6yd\u00e4t nostoja yhteisty\u00f6n tuloksista kansainv\u00e4lisill\u00e4 festivaaleilla. Rainan ja AV-arkin yhteisty\u00f6 on osa isompaa vuosina 2022-2024&#8230; <a class=\"excerpt-read-more\" href=\"https:\/\/www.av-arkki.fi\/fi\/news\/av-arkkixraina-pt1\/\" title=\"ReadAV-arkin ja Rainan yhteisty\u00f6n tuloksia elokuvafestivaaleilla\">Lue lis\u00e4\u00e4 \u00bb<\/a><\/p>\n","protected":false},"author":4,"featured_media":0,"comment_status":"closed","ping_status":"closed","sticky":false,"template":"","format":"standard","meta":{"_acf_changed":false,"footnotes":""},"categories":[35],"tags":[1337,1341,1338,1348,2329,1349],"class_list":["post-1814219","post","type-post","status-publish","format-standard","hentry","category-news","tag-av-arkin-levitystoiminta","tag-hankkeet","tag-helsinki","tag-kansainvalinen","tag-nextgenerationeu","tag-palkinnot"],"acf":[],"_links":{"self":[{"href":"https:\/\/www.av-arkki.fi\/fi\/wp-json\/wp\/v2\/posts\/1814219","targetHints":{"allow":["GET"]}}],"collection":[{"href":"https:\/\/www.av-arkki.fi\/fi\/wp-json\/wp\/v2\/posts"}],"about":[{"href":"https:\/\/www.av-arkki.fi\/fi\/wp-json\/wp\/v2\/types\/post"}],"author":[{"embeddable":true,"href":"https:\/\/www.av-arkki.fi\/fi\/wp-json\/wp\/v2\/users\/4"}],"replies":[{"embeddable":true,"href":"https:\/\/www.av-arkki.fi\/fi\/wp-json\/wp\/v2\/comments?post=1814219"}],"version-history":[{"count":0,"href":"https:\/\/www.av-arkki.fi\/fi\/wp-json\/wp\/v2\/posts\/1814219\/revisions"}],"wp:attachment":[{"href":"https:\/\/www.av-arkki.fi\/fi\/wp-json\/wp\/v2\/media?parent=1814219"}],"wp:term":[{"taxonomy":"category","embeddable":true,"href":"https:\/\/www.av-arkki.fi\/fi\/wp-json\/wp\/v2\/categories?post=1814219"},{"taxonomy":"post_tag","embeddable":true,"href":"https:\/\/www.av-arkki.fi\/fi\/wp-json\/wp\/v2\/tags?post=1814219"}],"curies":[{"name":"wp","href":"https:\/\/api.w.org\/{rel}","templated":true}]}}