{"id":1792775,"date":"2023-10-24T12:29:41","date_gmt":"2023-10-24T09:29:41","guid":{"rendered":"https:\/\/www.av-arkki.fi\/?p=1792775"},"modified":"2023-10-24T12:30:50","modified_gmt":"2023-10-24T09:30:50","slug":"vaft23","status":"publish","type":"post","link":"https:\/\/www.av-arkki.fi\/fi\/news\/vaft23\/","title":{"rendered":"AV-arkin n\u00e4yt\u00f6s, paneelikeskustelu ja j\u00e4sentaiteilijoiden teoksia runsaasti esill\u00e4 Video Art Festival Turussa"},"content":{"rendered":"\n<p>T\u00e4m\u00e4n vuoden Video Art Festival Turku (VAFT), 2\u20135.11.2023, esitt\u00e4\u00e4 runsaan m\u00e4\u00e4r\u00e4n AV-arkin taiteilijoiden teoksia Taivaankappaleita-yhteisty\u00f6n\u00e4yt\u00f6ksess\u00e4 sek\u00e4 erilaisissa temaattisissa ja erikoisn\u00e4yt\u00f6ksiss\u00e4. N\u00e4yt\u00f6sten lis\u00e4ksi festivaalilla on mahdollisuus tutustua paneelikeskusteluun AV-arkin n\u00e4yt\u00f6ksen tiimoilta sek\u00e4 IC-98 Q&amp;Ahan.<\/p>\n\n\n\n<h2 class=\"wp-block-heading\">VAFT x Av-arkki: Taivaankappaleita<\/h2>\n\n\n\n<p>Suomalaisen mediataiteen keskus AV-arkin n\u00e4yt\u00f6ksess\u00e4 taivaankappaleita ja t\u00e4htitieteen ilmi\u00f6it\u00e4 l\u00e4hestyt\u00e4\u00e4n kokeilevalla otteella. Tieteellinen tieto osoittautuu rajalliseksi \u2013 mutta jokin, ehk\u00e4 vision\u00e4\u00e4ri<strong>&nbsp;<\/strong>Erkki Kurenniemen<strong>&nbsp;<\/strong>mainitsema \u201dpirun pohjaton uteliaisuus\u201d vet\u00e4\u00e4 ihmist\u00e4 kohti kaukana olevan tavoittamista. Henkil\u00f6kohtainen ja historiallinen vaikuttavat samassa kosmoksessa. Tyylien kirjo ulottuu dokumentaarisesta performatiiviseen. N\u00e4yt\u00f6ksess\u00e4 n\u00e4hd\u00e4\u00e4n viisi teosta: <a href=\"\/?p=1128101\" data-type=\"link\" data-id=\"https:\/\/www.av-arkki.fi\/fi\/artists\/kati-roover\/\">Kati Roover<\/a>: <a href=\"\/?p=1130912\" data-type=\"link\" data-id=\"https:\/\/www.av-arkki.fi\/fi\/works\/eclipse\/\">Auringonpimennys<\/a> (2015, esittelykuvassa), <a href=\"\/?p=1128191\" data-type=\"link\" data-id=\"https:\/\/www.av-arkki.fi\/fi\/artists\/axel-straschnoy\/\">Axel Straschnoy<\/a>: <a href=\"\/?p=1138657\" data-type=\"link\" data-id=\"https:\/\/www.av-arkki.fi\/fi\/works\/the-finnish-astronautical-society%ef%bb%bf\/\">Suomen Avaruustutkimusseura<\/a> (2019), <a href=\"\/?p=1128083\" data-type=\"link\" data-id=\"https:\/\/www.av-arkki.fi\/fi\/artists\/markus-renvall\/\">Markus Renvall<\/a>: <a href=\"https:\/\/www.av-arkki.fi\/fi\/\" data-type=\"link\" data-id=\"https:\/\/www.av-arkki.fi\/fi\/\">Katso kuuta<\/a> (2006), <a href=\"\/?p=1766957\" data-type=\"link\" data-id=\"https:\/\/www.av-arkki.fi\/fi\/artists\/flis-holland\/\">Flis Holland<\/a>: <a href=\"\/?p=1490045\" data-type=\"link\" data-id=\"https:\/\/www.av-arkki.fi\/fi\/works\/subserotic-bulge\/\">Subserotic Bulge<\/a> ja <a href=\"\/?p=1127634\" data-type=\"link\" data-id=\"https:\/\/www.av-arkki.fi\/fi\/artists\/maria-duncker\/\">Maria Duncker<\/a>: <a href=\"\/?p=1135868\" data-type=\"link\" data-id=\"https:\/\/www.av-arkki.fi\/fi\/works\/pam-pam\/\">Pam Pam<\/a> (2013).<br><br>AV-arkin ja VAFTin yhteisty\u00f6n\u00e4yt\u00f6st\u00e4 seuraa englanninkielinen paneelikeskustelu tiedon ja kokemuksen suhteesta (video)taiteessa ja (t\u00e4hti)tieteess\u00e4. Keskustelijoina taiteilijat<strong>&nbsp;<\/strong>Flis Holland<strong>&nbsp;<\/strong>ja&nbsp;Kati Roover<strong>&nbsp;<\/strong>sek\u00e4 Ursan t\u00e4htiopas, avaruusfilosofi&nbsp;Tuukka Perhoniemi.&nbsp;Keskustelun moderoi AV-arkin ohjelmakoordinaattori&nbsp;Tytti Rantanen.<\/p>\n\n\n\n<ul class=\"wp-block-list\">\n<li>Lauantai 4.11.2023 16:00, Kino Diana, Humalistonkatu 3<\/li>\n<\/ul>\n\n\n\n<h2 class=\"wp-block-heading\">AV-arkin taiteilijoiden teoksia n\u00e4yt\u00f6ksiss\u00e4<\/h2>\n\n\n\n<p><strong><a href=\"https:\/\/www.videoartfestivalturku.com\/fi\/screenings\/cosmos\" data-type=\"link\" data-id=\"https:\/\/www.videoartfestivalturku.com\/fi\/screenings\/cosmos\">Kaikkeus<\/a><\/strong>: Torstai 2.11.2023 18:00, Kino Diana, Humalistonkatu 3<\/p>\n\n\n\n<ul class=\"wp-block-list\">\n<li><a href=\"\/?p=1128290\" data-type=\"link\" data-id=\"https:\/\/www.av-arkki.fi\/fi\/artists\/marja-viitahuhta\/\">Marja Viitahuhta<\/a> &amp; \u00c1nn\u00e1m\u00e1ret: <a href=\"\/?p=1515256\" data-type=\"link\" data-id=\"https:\/\/www.av-arkki.fi\/fi\/works\/mannu\/\">Mannu<\/a> (2021)<\/li>\n\n\n\n<li><a href=\"\/?p=1127894\" data-type=\"link\" data-id=\"https:\/\/www.av-arkki.fi\/fi\/artists\/petra-lindholm\/\">Petra Lindholm<\/a>: <a href=\"\/?p=1129907\" data-type=\"link\" data-id=\"https:\/\/www.av-arkki.fi\/fi\/works\/bystanders\/\">Bystanders<\/a> (2020)<\/li>\n\n\n\n<li><a href=\"\/?p=1431314\" data-type=\"link\" data-id=\"https:\/\/www.av-arkki.fi\/fi\/artists\/leena-pukki\/\">Leena Pukki<\/a>: <a href=\"\/?p=1450547\" data-type=\"link\" data-id=\"https:\/\/www.av-arkki.fi\/fi\/works\/limakon-aika\/\">Limakon aika<\/a> (2021)<\/li>\n\n\n\n<li><a href=\"\/?p=1128287\" data-type=\"link\" data-id=\"https:\/\/www.av-arkki.fi\/fi\/artists\/milja-viita\/\">Milja Viita<\/a>: <a href=\"\/?p=1140440\" data-type=\"link\" data-id=\"https:\/\/www.av-arkki.fi\/fi\/works\/when-we-are-nothing-left\/\">When We Are Nothing Left<\/a> (2020)<\/li>\n<\/ul>\n\n\n\n<p><strong><a href=\"https:\/\/www.videoartfestivalturku.com\/fi\/screenings\/knots\" data-type=\"link\" data-id=\"https:\/\/www.videoartfestivalturku.com\/fi\/screenings\/knots\">Solmut<\/a><\/strong>: Perjantai 3.11.2023 16:30, Kino Diana, Humalistonkatu 3<\/p>\n\n\n\n<ul class=\"wp-block-list\">\n<li><a href=\"\/?p=1128248\" data-type=\"link\" data-id=\"https:\/\/www.av-arkki.fi\/fi\/artists\/jenni-toikka\/\">Jenni Toikka<\/a> &amp; Eeva-Riitta Eerola: <a href=\"\/?p=1134199\" data-type=\"link\" data-id=\"https:\/\/www.av-arkki.fi\/fi\/works\/lighthouse\/\">Lighthouse<\/a> (2019)<\/li>\n\n\n\n<li><a href=\"\/?p=1127589\" data-type=\"link\" data-id=\"https:\/\/www.av-arkki.fi\/fi\/artists\/lauri-astala\/\">Lauri Astala<\/a>: <a href=\"\/?p=1490026\" data-type=\"link\" data-id=\"https:\/\/www.av-arkki.fi\/fi\/works\/sketch-for-the-last-map\/\">Sketch for the Last Map<\/a> (2022)<\/li>\n\n\n\n<li><a href=\"\/?p=1127749\" data-type=\"link\" data-id=\"https:\/\/www.av-arkki.fi\/fi\/artists\/panu-johansson\/\">Panu Johansson<\/a>: <a href=\"\/?p=1771171\" data-type=\"link\" data-id=\"https:\/\/www.av-arkki.fi\/fi\/works\/vesitornisinfonia\/\">Vesitornisinfonia<\/a> (2023)<\/li>\n\n\n\n<li><a href=\"\/?p=1127607\" data-type=\"link\" data-id=\"https:\/\/www.av-arkki.fi\/fi\/artists\/risto-pekka-blom\/\">Risto-Pekka Blom<\/a>: <a href=\"\/?p=1133895\" data-type=\"link\" data-id=\"https:\/\/www.av-arkki.fi\/fi\/works\/kurdrjavka-pikku-kippura\/\">Kudryavka &#8211; Pikku kippura<\/a> (2013)<\/li>\n<\/ul>\n\n\n\n<figure class=\"wp-block-image size-large\"><img decoding=\"async\" src=\"https:\/\/www.av-arkki.fi\/wp-content\/uploads\/2021\/11\/showimage-15796.jpeg\" alt=\"\"\/><figcaption class=\"wp-element-caption\">IC-98: Teesej\u00e4 yhteiskuntaruumiista (Riket) (2009)<\/figcaption><\/figure>\n\n\n\n<p><a href=\"https:\/\/www.videoartfestivalturku.com\/fi\/screenings\/ic-98\" data-type=\"link\" data-id=\"https:\/\/www.videoartfestivalturku.com\/fi\/screenings\/ic-98\"><strong>Erikoisn\u00e4yt\u00f6s ja Q&amp;A \u2013 IC-98<\/strong><\/a>: Lauantai 4.11.2023 14:00, Kino Diana, Humalistonkatu 3 <\/p>\n\n\n\n<p><a href=\"\/?p=1127725\" data-type=\"link\" data-id=\"https:\/\/www.av-arkki.fi\/fi\/artists\/ic-98\/\">IC-98<\/a> -animaatiot muodostuvat eri tietokoneanimaatiotekniikoista, jotka yhdistettyn\u00e4 lyijykyn\u00e4piirroskollaaseihin luovat hitaasti muuttuvan n\u00e4kym\u00e4n \u2013 animoidun piirroksen. Niiden maailmoja kansoittavat erilaiset symbolisia merkityksi\u00e4 saavat elolliset ja elottomat objektit sek\u00e4 el\u00e4imet, kuten lintuparvet. Luonnonilmi\u00f6t, kuten sumut, pilvet, savu ja vesi paljastavat tarinaa vaivihkaa. N\u00e4yt\u00f6ksen j\u00e4lkeen j\u00e4rjestet\u00e4\u00e4n Q&amp;A-tilaisuus.<\/p>\n\n\n\n<p><strong><a href=\"https:\/\/www.videoartfestivalturku.com\/fi\/screenings\/lifelines\" data-type=\"link\" data-id=\"https:\/\/www.videoartfestivalturku.com\/fi\/screenings\/lifelines\">El\u00e4m\u00e4nlangat<\/a><\/strong>: Lauantai 4.11.2023 19:00, Kino Diana, Humalistonkatu 3<\/p>\n\n\n\n<ul class=\"wp-block-list\">\n<li><a href=\"\/?p=1506230\" data-type=\"link\" data-id=\"https:\/\/www.av-arkki.fi\/fi\/artists\/august-joensalo\/\">August Joensalo<\/a>: <a href=\"\/?p=1505769\" data-type=\"link\" data-id=\"https:\/\/www.av-arkki.fi\/fi\/works\/space-is-quite-a-lot-of-things\/\">Space Is Quite a Lot of Things<\/a> (2021)<\/li>\n\n\n\n<li><a href=\"\/?p=1127571\" data-type=\"link\" data-id=\"https:\/\/www.av-arkki.fi\/fi\/artists\/kristoffer-ala-ketola\/\">Kristoffer Ala-Ketola<\/a>: <a href=\"\/?p=1665110\" data-type=\"link\" data-id=\"https:\/\/www.av-arkki.fi\/fi\/works\/infatuation-with-the-never-ending-past\/\">Infatuation with the Never Ending Past<\/a> (2022)<\/li>\n<\/ul>\n\n\n\n<p><strong><a href=\"https:\/\/www.videoartfestivalturku.com\/fi\/screenings\/meshwork\" data-type=\"link\" data-id=\"https:\/\/www.videoartfestivalturku.com\/fi\/screenings\/meshwork\">Kudelma<\/a><\/strong>: Lauantai 4.11.2023 20:30, Kino Diana, Humalistonkatu 3<\/p>\n\n\n\n<ul class=\"wp-block-list\">\n<li><a href=\"\/?p=1127885\" data-type=\"link\" data-id=\"https:\/\/www.av-arkki.fi\/fi\/artists\/marjo-levlin\/\">Marjo Levlin<\/a>: <a href=\"\/?p=1131035\" data-type=\"link\" data-id=\"https:\/\/www.av-arkki.fi\/fi\/works\/ellipsis\/\">Ellipsis<\/a> (2020)<\/li>\n\n\n\n<li><a href=\"\/?p=1127906\" data-type=\"link\" data-id=\"https:\/\/www.av-arkki.fi\/fi\/artists\/minna-langstrom\/\">Minna L\u00e5ngstr\u00f6m<\/a>: <a href=\"\/?p=1489906\" data-type=\"link\" data-id=\"https:\/\/www.av-arkki.fi\/fi\/works\/photosphere\/\">Photosphere<\/a> (2021)<\/li>\n\n\n\n<li><a href=\"https:\/\/www.hannakaihlanen.com\/\" data-type=\"link\" data-id=\"https:\/\/www.hannakaihlanen.com\/\">Hanna Kaihlanen<\/a>: Hovering Over Us<\/li>\n<\/ul>\n\n\n\n<figure class=\"wp-block-image size-large\"><img decoding=\"async\" src=\"https:\/\/www.av-arkki.fi\/wp-content\/uploads\/2021\/11\/showimage-11611.jpeg\" alt=\"\"\/><figcaption class=\"wp-element-caption\">Mox M\u00e4kel\u00e4: Andjust (2020)<\/figcaption><\/figure>\n\n\n\n<p><strong><a href=\"https:\/\/www.videoartfestivalturku.com\/fi\/artists\/copy-of-m%C3%A4kel%C3%A4\" data-type=\"link\" data-id=\"https:\/\/www.videoartfestivalturku.com\/fi\/artists\/copy-of-m%C3%A4kel%C3%A4\">Erikoisn\u00e4yt\u00f6s: Mox M\u00e4kel\u00e4 \u2013 Andjust<\/a><\/strong>: Sunnuntai 5.11.2023 17:30, Kino Diana, Humalistonkatu 3<\/p>\n\n\n\n<p>Sakraali satiiri &#8221;stand art&#8221; vastaanoton tavoista keskell\u00e4 tavarakasaa ennen suurta p\u00f6ll\u00e4hdyst\u00e4. Elokuvan katsoja p\u00e4\u00e4see mukaan vierailemaan&nbsp;Andjustin taloon, johon heijastuvat maailmankirjallisuuden aikalaiset ja syv\u00e4t sukulaissielut,&nbsp;Gogolin Plushkin&nbsp;<em>(Kuolleet sielut)<\/em>, sek\u00e4&nbsp;Dickensin Scrooge<em>&nbsp;(Saiturin joulu)<\/em>. <a href=\"\/?p=1129105\" data-type=\"link\" data-id=\"https:\/\/www.av-arkki.fi\/fi\/works\/andjust\/\">Andjust<\/a> on harvinainen, rehev\u00e4 ja r\u00f6yhke\u00e4 hedelm\u00e4 puhtoisen aikakautemme kaaoksessa. Siin\u00e4 on makeutta, jopa imelyytt\u00e4, mutta my\u00f6s j\u00e4rjelle elint\u00e4rkeit\u00e4 happoja. &nbsp;<br><br><a href=\"\/?p=1127951\" data-type=\"link\" data-id=\"https:\/\/www.av-arkki.fi\/fi\/artists\/mox-makela\/\">Mox M\u00e4kel\u00e4<\/a>&nbsp;(s. 1958) on uransa 1978 aloittanut k\u00e4sitetaiteilija, jonka tuotantoaan on n\u00e4hty laajasti eri paikoissa ja konteksteissa, mm. Suomen merimuseossa ja kansainv\u00e4lisill\u00e4 elokuva- ja taidefestivaaleilla. H\u00e4n k\u00e4sittelee ekokriittisiss\u00e4 elokuvissaan ja installaatioissaan luonnon ja ihmisen luonnon t\u00f6rm\u00e4yskurssia, p\u00e4\u00e4painona merimilj\u00f6\u00f6.<\/p>\n\n\n\n<hr class=\"wp-block-separator has-alpha-channel-opacity\"\/>\n\n\n\n<p>Video Art Festival Turku, 2\u20135.11.2023, Turku, Suomi<\/p>\n\n\n\n<p>Lis\u00e4tietoa: <a href=\"https:\/\/www.videoartfestivalturku.com\/fi\" data-type=\"link\" data-id=\"https:\/\/www.videoartfestivalturku.com\/fi\">VAFT<\/a><\/p>\n\n\n\n<hr class=\"wp-block-separator has-alpha-channel-opacity\"\/>\n\n\n\n<p><strong>AV-arkki on edist\u00e4nyt suomalaisen mediataiteen asemaa vuodesta 1989. Taiteilijat osallistuvat t\u00e4h\u00e4n tapahtumaan AV-arkin edist\u00e4misty\u00f6n ansiosta. Jos haluat seurata viimeisimpi\u00e4 uutisiamme,&nbsp;<a href=\"https:\/\/docs.google.com\/forms\/d\/e\/1FAIpQLScRk9tzatszRifgSHUt4F7eb0ZcA7Smom4-Fo0wJ8rEILTMvg\/viewform?usp=sf_link\">tilaa uutiskirjeemme<\/a>!<\/strong><\/p>\n","protected":false},"excerpt":{"rendered":"<p>T\u00e4m\u00e4n vuoden Video Art Festival Turku (VAFT), 2\u20135.11.2023, esitt\u00e4\u00e4 runsaan m\u00e4\u00e4r\u00e4n AV-arkin taiteilijoiden teoksia Taivaankappaleita-yhteisty\u00f6n\u00e4yt\u00f6ksess\u00e4 sek\u00e4 erilaisissa temaattisissa ja erikoisn\u00e4yt\u00f6ksiss\u00e4. N\u00e4yt\u00f6sten lis\u00e4ksi festivaalilla on mahdollisuus tutustua paneelikeskusteluun AV-arkin&#8230; <a class=\"excerpt-read-more\" href=\"https:\/\/www.av-arkki.fi\/fi\/news\/vaft23\/\" title=\"ReadAV-arkin n\u00e4yt\u00f6s, paneelikeskustelu ja j\u00e4sentaiteilijoiden teoksia runsaasti esill\u00e4 Video Art Festival Turussa\">Lue lis\u00e4\u00e4 \u00bb<\/a><\/p>\n","protected":false},"author":4,"featured_media":1792777,"comment_status":"closed","ping_status":"closed","sticky":false,"template":"","format":"standard","meta":{"_acf_changed":false,"footnotes":""},"categories":[35],"tags":[1337,1339,1342],"class_list":["post-1792775","post","type-post","status-publish","format-standard","has-post-thumbnail","hentry","category-news","tag-av-arkin-levitystoiminta","tag-jasentaiteilijoiden-tapahtumat","tag-kotimaa"],"acf":[],"_links":{"self":[{"href":"https:\/\/www.av-arkki.fi\/fi\/wp-json\/wp\/v2\/posts\/1792775","targetHints":{"allow":["GET"]}}],"collection":[{"href":"https:\/\/www.av-arkki.fi\/fi\/wp-json\/wp\/v2\/posts"}],"about":[{"href":"https:\/\/www.av-arkki.fi\/fi\/wp-json\/wp\/v2\/types\/post"}],"author":[{"embeddable":true,"href":"https:\/\/www.av-arkki.fi\/fi\/wp-json\/wp\/v2\/users\/4"}],"replies":[{"embeddable":true,"href":"https:\/\/www.av-arkki.fi\/fi\/wp-json\/wp\/v2\/comments?post=1792775"}],"version-history":[{"count":0,"href":"https:\/\/www.av-arkki.fi\/fi\/wp-json\/wp\/v2\/posts\/1792775\/revisions"}],"wp:featuredmedia":[{"embeddable":true,"href":"https:\/\/www.av-arkki.fi\/fi\/wp-json\/wp\/v2\/media\/1792777"}],"wp:attachment":[{"href":"https:\/\/www.av-arkki.fi\/fi\/wp-json\/wp\/v2\/media?parent=1792775"}],"wp:term":[{"taxonomy":"category","embeddable":true,"href":"https:\/\/www.av-arkki.fi\/fi\/wp-json\/wp\/v2\/categories?post=1792775"},{"taxonomy":"post_tag","embeddable":true,"href":"https:\/\/www.av-arkki.fi\/fi\/wp-json\/wp\/v2\/tags?post=1792775"}],"curies":[{"name":"wp","href":"https:\/\/api.w.org\/{rel}","templated":true}]}}