{"id":1764653,"date":"2023-06-08T13:57:37","date_gmt":"2023-06-08T10:57:37","guid":{"rendered":"https:\/\/www.av-arkki.fi\/?p=1764653"},"modified":"2024-03-28T17:27:33","modified_gmt":"2024-03-28T14:27:33","slug":"jab-mediabox23","status":"publish","type":"post","link":"https:\/\/www.av-arkki.fi\/fi\/uutiset\/jab-mediabox23\/","title":{"rendered":"Artor Jesus Inker\u00f6n Jab n\u00e4ht\u00e4vill\u00e4 Forum Boxin Mediaboxissa 25.6.2023 asti"},"content":{"rendered":"\n<p class=\"wp-block-paragraph\">Artor Jesus Inker\u00f6n kahdeksanminuuttinen videoteos Jab (2020) on n\u00e4ht\u00e4vill\u00e4 Galleria Forum Boxin Mediaboxissa 2.-25.6.2023. <\/p>\n\n\n\n<p class=\"wp-block-paragraph\"><a href=\"\/fi?p=1763342\">Jab<\/a>-videoteoksessa on henkil\u00f6, joka tekee nyrkkeilym\u00e4isi\u00e4 liikkeit\u00e4. Dialogissa kaksi henkil\u00f6\u00e4 pohtivat, milt\u00e4 henkil\u00f6 tilassa n\u00e4ytt\u00e4\u00e4 ja opastavat h\u00e4nt\u00e4, miten olla. Videolla n\u00e4kyv\u00e4t haavat ovat keinotekoisia, meikeill\u00e4 tehtyj\u00e4, mutta kuin tappelussa tulleita. Taustalla kuuluu omituinen rinkutus ja kameran fokuksen \u00e4\u00e4ni.<\/p>\n\n\n\n<p class=\"wp-block-paragraph\">Artor Jesus Inker\u00f6 (s. 1989 Suomi) on kuvataiteilija, joka ty\u00f6skentelee performanssin, keramiikan, valokuvan, maalaamisen, piirt\u00e4misen, videon ja \u00e4\u00e4nen kanssa. H\u00e4nen teostensa aiheet vaihtelevat yhteiskunnallisista aiheista henkil\u00f6kohtaisiin, ja h\u00e4nen teoksensa luovat usein yhteyksi\u00e4 ihmisyyden, kulttuurin, ruokavalion ja el\u00e4m\u00e4ntyylien maastoihin. Inker\u00f6 on ollut residenssitaiteilija Somerset Housessa Lontoossa, Centrale Fiesiss\u00e4 Italiassa ja Rijksakademie van Beeldende Kunstenissa Amsterdamissa vuosina 2019-2023. Inker\u00f6ll\u00e4 on ollut yksityisn\u00e4yttelyit\u00e4 New Museumissa New Yorkissa ja Rijksakademie van Beeldende Kunstenissa Amsterdamissa. Lis\u00e4ksi h\u00e4nen teoksiaan on ollut ryhm\u00e4n\u00e4yttelyiss\u00e4 Nykytaiteen museo Kiasmassa Helsingiss\u00e4, Valokuvataiteen museo CCP:ss\u00e4 Melbournessa ja Kunsthal Charlottenborgissa K\u00f6\u00f6penhaminassa.<\/p>\n\n\n\n<p class=\"wp-block-paragraph\">Mediabox on Forum Boxin tila mediataiteelle. Uusinta mediataidetta esittelev\u00e4 ohjelmisto suunnitellaan yhteisty\u00f6ss\u00e4 AV-arkin kanssa. Tila toimii nyt yhten\u00e4 t\u00e4rke\u00e4n\u00e4 kanavana mediataiteelle. Mediaboxissa esitett\u00e4v\u00e4 videoteos on my\u00f6s mahdollista\u00a0<a href=\"https:\/\/forumbox.fi\/2022\/04\/07\/mediaboxin-teos-nahtavilla-esteettomasti\/\">katsoa esteett\u00f6m\u00e4sti<\/a>\u00a0tabletilta Galleria Forum Boxin katutason tiloissa. Mik\u00e4li Mediabox on sinulle esteellinen, pyyd\u00e4th\u00e4n tabletin lainaan Forum Boxin henkil\u00f6kunnalta.<\/p>\n\n\n\n<hr class=\"wp-block-separator has-alpha-channel-opacity\"\/>\n\n\n\n<p class=\"wp-block-paragraph\">Artor Jesus Inker\u00f6: Jab, 2.-25.6.2023, Forum Boxin Mediabox<\/p>\n\n\n\n<p class=\"wp-block-paragraph\">Lis\u00e4tietoa: <a href=\"https:\/\/forumbox.fi\/exhibition\/jab-2020\/\">Forum Box<\/a><\/p>\n","protected":false},"excerpt":{"rendered":"<p>Artor Jesus Inker\u00f6n kahdeksanminuuttinen videoteos Jab (2020) on n\u00e4ht\u00e4vill\u00e4 Galleria Forum Boxin Mediaboxissa 2.-25.6.2023. Jab-videoteoksessa on henkil\u00f6, joka tekee nyrkkeilym\u00e4isi\u00e4 liikkeit\u00e4. Dialogissa kaksi henkil\u00f6\u00e4 pohtivat, milt\u00e4 henkil\u00f6 tilassa&#8230; <a class=\"excerpt-read-more\" href=\"https:\/\/www.av-arkki.fi\/fi\/uutiset\/jab-mediabox23\/\" title=\"ReadArtor Jesus Inker\u00f6n Jab n\u00e4ht\u00e4vill\u00e4 Forum Boxin Mediaboxissa 25.6.2023 asti\">Lue lis\u00e4\u00e4 \u00bb<\/a><\/p>\n","protected":false},"author":4,"featured_media":1764654,"comment_status":"closed","ping_status":"closed","sticky":false,"template":"","format":"standard","meta":{"_acf_changed":false,"footnotes":""},"categories":[1],"tags":[1337,1338,1340],"class_list":["post-1764653","post","type-post","status-publish","format-standard","has-post-thumbnail","hentry","category-uutiset","tag-av-arkin-levitystoiminta","tag-helsinki","tag-mediabox"],"acf":[],"_links":{"self":[{"href":"https:\/\/www.av-arkki.fi\/fi\/wp-json\/wp\/v2\/posts\/1764653","targetHints":{"allow":["GET"]}}],"collection":[{"href":"https:\/\/www.av-arkki.fi\/fi\/wp-json\/wp\/v2\/posts"}],"about":[{"href":"https:\/\/www.av-arkki.fi\/fi\/wp-json\/wp\/v2\/types\/post"}],"author":[{"embeddable":true,"href":"https:\/\/www.av-arkki.fi\/fi\/wp-json\/wp\/v2\/users\/4"}],"replies":[{"embeddable":true,"href":"https:\/\/www.av-arkki.fi\/fi\/wp-json\/wp\/v2\/comments?post=1764653"}],"version-history":[{"count":0,"href":"https:\/\/www.av-arkki.fi\/fi\/wp-json\/wp\/v2\/posts\/1764653\/revisions"}],"wp:featuredmedia":[{"embeddable":true,"href":"https:\/\/www.av-arkki.fi\/fi\/wp-json\/wp\/v2\/media\/1764654"}],"wp:attachment":[{"href":"https:\/\/www.av-arkki.fi\/fi\/wp-json\/wp\/v2\/media?parent=1764653"}],"wp:term":[{"taxonomy":"category","embeddable":true,"href":"https:\/\/www.av-arkki.fi\/fi\/wp-json\/wp\/v2\/categories?post=1764653"},{"taxonomy":"post_tag","embeddable":true,"href":"https:\/\/www.av-arkki.fi\/fi\/wp-json\/wp\/v2\/tags?post=1764653"}],"curies":[{"name":"wp","href":"https:\/\/api.w.org\/{rel}","templated":true}]}}