{"id":1760361,"date":"2023-06-01T11:44:01","date_gmt":"2023-06-01T08:44:01","guid":{"rendered":"https:\/\/www.av-arkki.fi\/?p=1760361"},"modified":"2023-06-01T11:44:34","modified_gmt":"2023-06-01T08:44:34","slug":"loviisan-elainten-asumismessut","status":"publish","type":"post","link":"https:\/\/www.av-arkki.fi\/fi\/uutiset\/loviisan-elainten-asumismessut\/","title":{"rendered":"Maija Bl\u00e5fieldin ja Milja Viidan lyhytelokuvia esill\u00e4 Loviisan el\u00e4inten asumismessuilla"},"content":{"rendered":"\n<p class=\"wp-block-paragraph\">Loviisan el\u00e4inten asumismessuilla esitet\u00e4\u00e4n Maija Bl\u00e5fieldin Scenic View (2023) sek\u00e4 Milja Viidan teos El\u00e4insilta U-3033 (2018, kuvassa). Messut pidet\u00e4\u00e4n Loviisan <a href=\"http:\/\/www.loviisacontemporary.fi\/\">Kino Marilyniss\u00e4 30.6.-1.7.2023.<\/a> Sek\u00e4 Viidan ett\u00e4 Bl\u00e5fieldin teokset ovat mukana perjantaina 30.6. kello <a href=\"http:\/\/www.loviisacontemporary.fi\/\">14:45 esitett\u00e4v\u00e4ss\u00e4 lyhytelokuvascreeningiss\u00e4<\/a>. El\u00e4inten asumismessut ovat monitaiteinen taidetapahtuma, jossa esill\u00e4 on niin kuva- ja esitystaidetta, arkkitehtuuria, musiikkia, kuin ty\u00f6pajojakin. <\/p>\n\n\n\n<p class=\"wp-block-paragraph\">Bl\u00e5fieldin teoksessa Scenic View vieraillaan harvinaisuutensa my\u00f6t\u00e4 fiktiiviseksi muuttuneessa luonnontilaisessa mets\u00e4ss\u00e4, sek\u00e4 talousmets\u00e4ss\u00e4 jonka ihminen on oman kykyns\u00e4 ja ymm\u00e4rryksens\u00e4 mukaan j\u00e4rjest\u00e4nyt uudelleen. K\u00e4ymme my\u00f6s satumets\u00e4ss\u00e4 ja luontokuvauksen lavasteissa it\u00e4rajalla sek\u00e4 ihmisen hylk\u00e4\u00e4m\u00e4ll\u00e4 asuinalueella, jonka ylitse puusto on kasvamassa takaisin uudeksi mets\u00e4ksi. Mik\u00e4 n\u00e4ist\u00e4 mets\u00e4maisemista on todellisin? Teosta levitet\u00e4\u00e4n yhteisty\u00f6ss\u00e4 Raina Film Festival Distributionin kanssa. <\/p>\n\n\n\n<p class=\"wp-block-paragraph\"><a href=\"\/fi?p=1127610\">Maija Bl\u00e5field<\/a> (s. 1973) on monialainen nykytaiteilija ja elokuvaohjaaja. H\u00e4nen liikkuvan kuvan teoksensa sijoittuvat kokeellisen elokuvan ja dokumenttielokuvan v\u00e4limaastoon, jonka lis\u00e4ksi h\u00e4n ty\u00f6skentelee muun muassa valokuvan ja kirjoittamisen keinoin. Bl\u00e5fieldin teosten keskeisi\u00e4 aiheita ovat todellisuuden monitulkintaisuus, jokap\u00e4iv\u00e4isen el\u00e4m\u00e4mme toisin kokeminen ja ihmisen suhde ymp\u00e4rist\u00f6\u00f6ns\u00e4. Teoksia on esitetty Suomessa ja ulkomailla taidemuseoissa ja gallerioissa sek\u00e4 elokuvafestivaaleilla ja televisiossa. Bl\u00e5fieldille my\u00f6nnettiin vuonna 2014 mediataiteen valtionpalkinto ja h\u00e4n oli ehdolla Ars Fennica palkinnon saajaksi vuonna 2017.<\/p>\n\n\n\n<p class=\"wp-block-paragraph\"><a href=\"\/fi?p=1131064\">El\u00e4insilta U-3033<\/a> kuvaa ihmisten ja el\u00e4inten riste\u00e4vi\u00e4 reittej\u00e4 ja rinnakkaisia todellisuuksia. Elokuvaa on kuvattu moottoritien ylitt\u00e4v\u00e4ll\u00e4, metsittyneell\u00e4 riistasillalla. Riistasillat ovat arkkitehtonisesti kiinnostavia, pelk\u00e4st\u00e4\u00e4n luonnolle osoitettuja rakenteita, jotka mahdollistavat el\u00e4imille moottoritien ylityksen. Rakennettu ymp\u00e4rist\u00f6 ja koskematon luonto kohtaavat t\u00e4ll\u00e4 kapealla kaistaleella. Kuvaajan vartalon liikkeit\u00e4 toistavat, vanhalla veivikameralla toteutetut 35mm filmijaksot luovat kontrastin riistakameroilla taltioidun, salaper\u00e4iseksi j\u00e4\u00e4v\u00e4n todellisuuden kanssa. <\/p>\n\n\n\n<p class=\"wp-block-paragraph\"><a href=\"\/fi?p=1128287\">Milja Viita <\/a>(1974) on Porvoossa asuva kuva- ja mediataiteilija. H\u00e4nen teoksensa ovat kokeellisista ja dokumentaarisista elementeist\u00e4 koostuvia aikakudelmia. Viidan teoksia on esitetty mm. Nykytaiteen museo Kiasmassa, Helsingin Taidehallissa, M\u00e4nt\u00e4n kuvataideviikoilla, televisiossa sek\u00e4 monilla festivaaleilla. Viita valmistui taiteen maisteriksi Kuvataideakatemiasta vuonna 2005.<\/p>\n\n\n\n<hr class=\"wp-block-separator has-alpha-channel-opacity\"\/>\n\n\n\n<p class=\"wp-block-paragraph\">El\u00e4inten asumismessut, 30.6.-1.7.2023, Loviisa.<\/p>\n\n\n\n<p class=\"wp-block-paragraph\">Lis\u00e4\u00e4 tietoa: <a href=\"http:\/\/www.loviisacontemporary.fi\/\">Loviisa contemporary<\/a>. <\/p>\n","protected":false},"excerpt":{"rendered":"<p>Loviisan el\u00e4inten asumismessuilla esitet\u00e4\u00e4n Maija Bl\u00e5fieldin Scenic View (2023) sek\u00e4 Milja Viidan teos El\u00e4insilta U-3033 (2018, kuvassa). Messut pidet\u00e4\u00e4n Loviisan Kino Marilyniss\u00e4 30.6.-1.7.2023. Sek\u00e4 Viidan ett\u00e4 Bl\u00e5fieldin teokset&#8230; <a class=\"excerpt-read-more\" href=\"https:\/\/www.av-arkki.fi\/fi\/uutiset\/loviisan-elainten-asumismessut\/\" title=\"ReadMaija Bl\u00e5fieldin ja Milja Viidan lyhytelokuvia esill\u00e4 Loviisan el\u00e4inten asumismessuilla\">Lue lis\u00e4\u00e4 \u00bb<\/a><\/p>\n","protected":false},"author":4,"featured_media":97133,"comment_status":"closed","ping_status":"closed","sticky":false,"template":"","format":"standard","meta":{"_acf_changed":false,"footnotes":""},"categories":[1],"tags":[1337,1342],"class_list":["post-1760361","post","type-post","status-publish","format-standard","has-post-thumbnail","hentry","category-uutiset","tag-av-arkin-levitystoiminta","tag-kotimaa"],"acf":[],"_links":{"self":[{"href":"https:\/\/www.av-arkki.fi\/fi\/wp-json\/wp\/v2\/posts\/1760361","targetHints":{"allow":["GET"]}}],"collection":[{"href":"https:\/\/www.av-arkki.fi\/fi\/wp-json\/wp\/v2\/posts"}],"about":[{"href":"https:\/\/www.av-arkki.fi\/fi\/wp-json\/wp\/v2\/types\/post"}],"author":[{"embeddable":true,"href":"https:\/\/www.av-arkki.fi\/fi\/wp-json\/wp\/v2\/users\/4"}],"replies":[{"embeddable":true,"href":"https:\/\/www.av-arkki.fi\/fi\/wp-json\/wp\/v2\/comments?post=1760361"}],"version-history":[{"count":0,"href":"https:\/\/www.av-arkki.fi\/fi\/wp-json\/wp\/v2\/posts\/1760361\/revisions"}],"wp:featuredmedia":[{"embeddable":true,"href":"https:\/\/www.av-arkki.fi\/fi\/wp-json\/wp\/v2\/media\/97133"}],"wp:attachment":[{"href":"https:\/\/www.av-arkki.fi\/fi\/wp-json\/wp\/v2\/media?parent=1760361"}],"wp:term":[{"taxonomy":"category","embeddable":true,"href":"https:\/\/www.av-arkki.fi\/fi\/wp-json\/wp\/v2\/categories?post=1760361"},{"taxonomy":"post_tag","embeddable":true,"href":"https:\/\/www.av-arkki.fi\/fi\/wp-json\/wp\/v2\/tags?post=1760361"}],"curies":[{"name":"wp","href":"https:\/\/api.w.org\/{rel}","templated":true}]}}