{"id":1750671,"date":"2023-04-24T14:24:10","date_gmt":"2023-04-24T11:24:10","guid":{"rendered":"https:\/\/www.av-arkki.fi\/?p=1750671"},"modified":"2023-04-24T16:15:09","modified_gmt":"2023-04-24T13:15:09","slug":"cine-kylassa23","status":"publish","type":"post","link":"https:\/\/www.av-arkki.fi\/fi\/uutiset\/cine-kylassa23\/","title":{"rendered":"Cin\u00e9 kyl\u00e4ss\u00e4 -kiertue Espoon kirjastoissa toukokuun alussa"},"content":{"rendered":"\n<p class=\"wp-block-paragraph\">Espoo Cin\u00e9n Cin\u00e9 kyl\u00e4ss\u00e4 -kiertue j\u00e4rjestet\u00e4\u00e4n 2.\u201313.5.2023 viidess\u00e4 eri kirjastossa ymp\u00e4ri Espoota. Kiertueella esitet\u00e4\u00e4n suomalaisia lyhytelokuvia, jotka eiv\u00e4t perustu puheeseen. Kiertueen kokeellisia elokuvia -n\u00e4yt\u00f6ksess\u00e4 esitet\u00e4\u00e4n Hannaleena Haurun Heidin suunnittelema j\u00e4\u00e4kiekkoelokuva (2017, nostokuvassa) sek\u00e4 Patrik S\u00f6derlundin Valtakunnat (2018). <\/p>\n\n\n\n<p class=\"wp-block-paragraph\">Kokeellisia elokuvia -n\u00e4yt\u00f6s esitet\u00e4\u00e4n seuraavasti:<\/p>\n\n\n\n<ul class=\"wp-block-list\">\n<li>Entressen kirjasto la 6.5.2023 klo 16:30<\/li>\n\n\n\n<li>Ison Omenan kirjasto la 6.5.2023 klo 16:30<\/li>\n\n\n\n<li>Sellon kirjasto la 6.5.2023 klo 16:30<\/li>\n\n\n\n<li>Tapiolan kirjasto to 11.5.2023 klo 17<\/li>\n\n\n\n<li>Lippulaivan kirjasto la 13.5.2023 klo 16:30<\/li>\n<\/ul>\n\n\n\n<p class=\"wp-block-paragraph\">N\u00e4yt\u00f6ksiin on vapaa p\u00e4\u00e4sy, eik\u00e4 niihin tarvitse ilmoittautua. Paikkoja on kuitenkin rajoitetusti ja ne t\u00e4ytet\u00e4\u00e4n saapumisj\u00e4rjestyksess\u00e4, joten kannattaa saapua ajoissa paikalle! Kokeellisia elokuvia -n\u00e4yt\u00f6s on kielletty alle 7-vuotiailta; aikuisen seurassa sallittu 4 vuotta t\u00e4ytt\u00e4neille. <\/p>\n\n\n\n<p class=\"wp-block-paragraph\">Kiertue j\u00e4rjestet\u00e4\u00e4n yhteisty\u00f6ss\u00e4 Espoon tapahtumakirjastojen kanssa. <a href=\"https:\/\/espoocine.fi\/fi\/uutiset\/cine-kylassa-kiertue-espoon-kirjastoissa\">Kiertueen koko ohjelmisto<\/a> Espoo Cin\u00e9n sivuilla. <\/p>\n\n\n\n<p class=\"wp-block-paragraph\">Hannaleena Haurun <a href=\"\/fi?p=1132196\">Heidin suunnittelemassa j\u00e4\u00e4kiekkoelokuvassa<\/a> Heidin fantasia j\u00e4\u00e4kiekkoilija Lauri M\u00e4ntyvaarasta ei mene ihan putkeen. Elokuva tutkii optisen ja haptisen kerronnan kohtaamisia ja elokuvakatseen valtasuhteiden muuttumista.<\/p>\n\n\n\n<p class=\"wp-block-paragraph\">Patrik S\u00f6derlundin <a href=\"\/fi?p=1136872\">Valtakunnat<\/a> on lyhytelokuva aikamatkasta l\u00e4pi evoluution, geologisten aikakausien ja eli\u00f6valtakuntien kohti ihmisen aiheuttamaa luonnontuhoa.<\/p>\n\n\n\n<figure class=\"wp-block-image size-large\"><img decoding=\"async\" src=\"https:\/\/www.av-arkki.fi\/wp-content\/uploads\/2021\/11\/showimage-14900.jpeg\" alt=\"\"\/><figcaption class=\"wp-element-caption\">Patrik S\u00f6derlund: Valtakunnat (2018)<\/figcaption><\/figure>\n\n\n\n<hr class=\"wp-block-separator has-alpha-channel-opacity\"\/>\n\n\n\n<p class=\"wp-block-paragraph\">Cin\u00e9 kyl\u00e4ss\u00e4, 2.\u201313.5.2023, Espoo<\/p>\n\n\n\n<p class=\"wp-block-paragraph\">Lis\u00e4tietoa: <a href=\"https:\/\/espoocine.fi\/fi\/uutiset\/cine-kylassa-kiertue-espoon-kirjastoissa\">Espoo Cin\u00e9<\/a><\/p>\n\n\n\n<hr class=\"wp-block-separator has-alpha-channel-opacity\"\/>\n\n\n\n<p class=\"wp-block-paragraph\"><strong>AV-arkki on edist\u00e4nyt suomalaisen mediataiteen asemaa vuodesta 1989. Taiteilijat osallistuvat t\u00e4h\u00e4n tapahtumaan AV-arkin edist\u00e4misty\u00f6n ansiosta.<\/strong><\/p>\n","protected":false},"excerpt":{"rendered":"<p>Espoo Cin\u00e9n Cin\u00e9 kyl\u00e4ss\u00e4 -kiertue j\u00e4rjestet\u00e4\u00e4n 2.\u201313.5.2023 viidess\u00e4 eri kirjastossa ymp\u00e4ri Espoota. Kiertueella esitet\u00e4\u00e4n suomalaisia lyhytelokuvia, jotka eiv\u00e4t perustu puheeseen. Kiertueen kokeellisia elokuvia -n\u00e4yt\u00f6ksess\u00e4 esitet\u00e4\u00e4n Hannaleena Haurun Heidin&#8230; <a class=\"excerpt-read-more\" href=\"https:\/\/www.av-arkki.fi\/fi\/uutiset\/cine-kylassa23\/\" title=\"ReadCin\u00e9 kyl\u00e4ss\u00e4 -kiertue Espoon kirjastoissa toukokuun alussa\">Lue lis\u00e4\u00e4 \u00bb<\/a><\/p>\n","protected":false},"author":10,"featured_media":1750673,"comment_status":"closed","ping_status":"closed","sticky":false,"template":"","format":"standard","meta":{"_acf_changed":false,"footnotes":""},"categories":[1],"tags":[1337,1342],"class_list":["post-1750671","post","type-post","status-publish","format-standard","has-post-thumbnail","hentry","category-uutiset","tag-av-arkin-levitystoiminta","tag-kotimaa"],"acf":[],"_links":{"self":[{"href":"https:\/\/www.av-arkki.fi\/fi\/wp-json\/wp\/v2\/posts\/1750671","targetHints":{"allow":["GET"]}}],"collection":[{"href":"https:\/\/www.av-arkki.fi\/fi\/wp-json\/wp\/v2\/posts"}],"about":[{"href":"https:\/\/www.av-arkki.fi\/fi\/wp-json\/wp\/v2\/types\/post"}],"author":[{"embeddable":true,"href":"https:\/\/www.av-arkki.fi\/fi\/wp-json\/wp\/v2\/users\/10"}],"replies":[{"embeddable":true,"href":"https:\/\/www.av-arkki.fi\/fi\/wp-json\/wp\/v2\/comments?post=1750671"}],"version-history":[{"count":0,"href":"https:\/\/www.av-arkki.fi\/fi\/wp-json\/wp\/v2\/posts\/1750671\/revisions"}],"wp:featuredmedia":[{"embeddable":true,"href":"https:\/\/www.av-arkki.fi\/fi\/wp-json\/wp\/v2\/media\/1750673"}],"wp:attachment":[{"href":"https:\/\/www.av-arkki.fi\/fi\/wp-json\/wp\/v2\/media?parent=1750671"}],"wp:term":[{"taxonomy":"category","embeddable":true,"href":"https:\/\/www.av-arkki.fi\/fi\/wp-json\/wp\/v2\/categories?post=1750671"},{"taxonomy":"post_tag","embeddable":true,"href":"https:\/\/www.av-arkki.fi\/fi\/wp-json\/wp\/v2\/tags?post=1750671"}],"curies":[{"name":"wp","href":"https:\/\/api.w.org\/{rel}","templated":true}]}}