{"id":1748154,"date":"2023-03-22T17:46:29","date_gmt":"2023-03-22T14:46:29","guid":{"rendered":"https:\/\/www.av-arkki.fi\/?p=1748154"},"modified":"2023-03-22T17:47:03","modified_gmt":"2023-03-22T14:47:03","slug":"retaspringbreak23","status":"publish","type":"post","link":"https:\/\/www.av-arkki.fi\/fi\/uutiset\/retaspringbreak23\/","title":{"rendered":"Lyhytelokuvan\u00e4yt\u00f6s &#8221;Toisen kanssa&#8221; sek\u00e4 Matti Harjun esikoispitk\u00e4 Natura R&#038;A Spring Break -festivaalin ohjelmistossa"},"content":{"rendered":"\n<p class=\"wp-block-paragraph\">R&amp;A Spring Break on Rakkautta &amp; Anarkiaa -yhdistyksen uudistunut kev\u00e4inen boutique-festivaali, joka j\u00e4rjestet\u00e4\u00e4n 12.\u201316.4.2023. Festivaalin ohjelmistossa esitet\u00e4\u00e4n AV-arkin lyhytelokuvan\u00e4yt\u00f6s &#8221;Toisen kanssa&#8221; sek\u00e4 Matti Harjun pitk\u00e4 esikoisohjaus Natura (2023), joka sai maailman ensi-iltansa Rotterdamin elokuvajuhlilla. Natura on muuttotappioseudulle sijoittuva trilleri, jonka rekisteri ulottuu runollisesta rajuun. <a href=\"https:\/\/hiff.fi\/elokuvat\/natura\/\">Natura<\/a> esitet\u00e4\u00e4n lauantaina 15.4.2023 klo 16 Maxim 2:ssa. <\/p>\n\n\n\n<figure class=\"wp-block-image size-large\"><img decoding=\"async\" src=\"https:\/\/hiff.s3.eu-west-1.amazonaws.com\/wp-content\/uploads\/2023\/03\/7b2pika0y7mauconrafhulkpdm6wl_qvx3nzsf4dolu.jpeg\" alt=\"\"\/><figcaption class=\"wp-element-caption\">Matti Harju: Natura (2023)<\/figcaption><\/figure>\n\n\n\n<h2 class=\"wp-block-heading\">Toisen kanssa<\/h2>\n\n\n\n<p class=\"wp-block-paragraph\">AV-arkin n\u00e4yt\u00f6ksen tuoreissa lyhytelokuvissa opetellaan rakastamaan toista kuin itse\u00e4 \u2013 tai itse\u00e4 kuin toista. Toinen voi olla lemmitty, trumpetti, malli tai mehil\u00e4isyhdyskunta. Joskus perinteiset sukupuoliroolit sek\u00e4 keskittyminen ihmislajin tarpeisiin voivat olla este toisin ja toisen n\u00e4kemiselle. Mit\u00e4 ev\u00e4it\u00e4 pakataan mukaan lopun aikojen l\u00e4heisyysharjoituksiin ja mit\u00e4 j\u00e4tet\u00e4\u00e4n pois kyydist\u00e4? Elokuvien tyylilajit vaihtelevat runoudesta ja esseest\u00e4 arvoitukseen, tunnustuksellisuuteen ja manifestiin. N\u00e4yt\u00f6s &#8221;<a href=\"https:\/\/hiff.fi\/elokuvat\/toisen-kanssa\/\">Toisen kanssa<\/a>&#8221; esitet\u00e4\u00e4n sunnuntaina 16.4.2023 klo 16:30 Maxim 2:ssa. <\/p>\n\n\n\n<p class=\"wp-block-paragraph\"><strong>N\u00e4yt\u00f6ksen elokuvat: <\/strong><\/p>\n\n\n\n<p class=\"wp-block-paragraph\"><strong>Nastja S\u00e4de R\u00f6nkk\u00f6: Survival Guide for a Post-Apocalyptical Child (X)<\/strong> (2023, 05:00)<\/p>\n\n\n\n<figure class=\"wp-block-image size-large\"><img loading=\"lazy\" decoding=\"async\" width=\"1024\" height=\"567\" src=\"https:\/\/www.av-arkki.fi\/wp-content\/uploads\/2023\/03\/Survival-Guide-for-a-Post-Apocalyptical-Child-X-2-1024x567.jpg\" alt=\"\" class=\"wp-image-1748157\" srcset=\"https:\/\/www.av-arkki.fi\/wp-content\/uploads\/2023\/03\/Survival-Guide-for-a-Post-Apocalyptical-Child-X-2-1024x567.jpg 1024w, https:\/\/www.av-arkki.fi\/wp-content\/uploads\/2023\/03\/Survival-Guide-for-a-Post-Apocalyptical-Child-X-2-300x166.jpg 300w, https:\/\/www.av-arkki.fi\/wp-content\/uploads\/2023\/03\/Survival-Guide-for-a-Post-Apocalyptical-Child-X-2-768x425.jpg 768w, https:\/\/www.av-arkki.fi\/wp-content\/uploads\/2023\/03\/Survival-Guide-for-a-Post-Apocalyptical-Child-X-2-1536x850.jpg 1536w, https:\/\/www.av-arkki.fi\/wp-content\/uploads\/2023\/03\/Survival-Guide-for-a-Post-Apocalyptical-Child-X-2-2048x1134.jpg 2048w\" sizes=\"auto, (max-width: 1024px) 100vw, 1024px\" \/><figcaption class=\"wp-element-caption\">Nastja S\u00e4de R\u00f6nkk\u00f6: Survival Guide for a Post-Apocalyptic Child (X) (2023)<\/figcaption><\/figure>\n\n\n\n<p class=\"wp-block-paragraph\">X on sen ihmettely\u00e4, milloin jutusta tulee juttu, ja milloin jostain toisesta jutusta tulee liikaa. X on sen ihmettely\u00e4, miten muuten kuin intuitiolla tiet\u00e4\u00e4, milloin erikoisuudesta tulee nujertavaa tai milloin vaarasta tulee kiihottavaa tai milloin v\u00e4kivalta murtautuu seksikk\u00e4ist\u00e4 rajoistaan? Teos on osa Nastja S\u00e4de R\u00f6nk\u00f6n 26-osaista Selviytymisopasta maailmanlopun lapselle.<\/p>\n\n\n\n<p class=\"wp-block-paragraph\"><strong>Ninni Korkalo: The Best Lover<\/strong> (2023, 14:00)<\/p>\n\n\n\n<figure class=\"wp-block-image size-large\"><img decoding=\"async\" src=\"https:\/\/hiff.s3.eu-west-1.amazonaws.com\/wp-content\/uploads\/2023\/03\/jat1ozkst_12lpmmsysz0-ndlm2cmbdolosgwwwja20-860x400.jpeg\" alt=\"\"\/><figcaption class=\"wp-element-caption\">Ninni Korkalo: The Best Lover (2023)<\/figcaption><\/figure>\n\n\n\n<p class=\"wp-block-paragraph\">The Best Lover on lyhytelokuva itsens\u00e4 rakastamisesta. Se leikittelee rakkauden myyteill\u00e4 tavoitellen itsens\u00e4 rakastamisen vallankumouksellista voimaa. Feministist\u00e4 naurua ja vertauskuvallista montaasia kupliva lyhytelokuva etsii vilpit\u00f6nt\u00e4 mahdollisuutta koko eli\u00f6yhteis\u00f6n pelastamiseen. The Best Lover on saanut innoituksensa professori, kirjailija ja aktivisti bell hooksin (1952\u20132021) ajatuksista.<\/p>\n\n\n\n<p class=\"wp-block-paragraph\"><strong>Pinja Valja: Tehd\u00e4 elokuva vain tavatakseen Veran<\/strong> (2021, 17:00)<\/p>\n\n\n\n<figure class=\"wp-block-image size-large\"><img decoding=\"async\" src=\"https:\/\/www.av-arkki.fi\/wp-content\/uploads\/2023\/03\/showimage-3116.jpeg\" alt=\"\"\/><figcaption class=\"wp-element-caption\">Pinja Valja: Tehd\u00e4 elokuva vain tavatakseen Veran (2021)<\/figcaption><\/figure>\n\n\n\n<p class=\"wp-block-paragraph\">Tehd\u00e4 elokuva vain tavatakseen Veran (2021) on todellisiin tapahtumiin perustuva lyhytelokuva kahden naisen, mediataiteilija Pinja Valjan ja malli Vera Ruuskan, kohtaamisesta. Lapsuudessaan Pinja haaveili el\u00e4m\u00e4st\u00e4 prinsessana. Prinsessan t\u00e4rkein teht\u00e4v\u00e4 oli pukeutua hienoihin vaatteisiin ja olla kaunis ja ihailtu \u2013 aivan kuin nykyp\u00e4iv\u00e4n mallin. Pinja ryhtyy tekem\u00e4\u00e4n dokumenttia Verasta tutkiakseen omaa lapsuudenhaavettaan.<\/p>\n\n\n\n<p class=\"wp-block-paragraph\"><strong>Elian Mikkola: Man Made<\/strong> (2022)<\/p>\n\n\n\n<figure class=\"wp-block-image size-large\"><img decoding=\"async\" src=\"https:\/\/www.av-arkki.fi\/wp-content\/uploads\/2023\/03\/showimage-2795.jpeg\" alt=\"\"\/><figcaption class=\"wp-element-caption\">Elian Mikkola: Man Made (2022)<\/figcaption><\/figure>\n\n\n\n<p class=\"wp-block-paragraph\">Man Made on uusiksi muunneltu kertomus pojasta, joka perehtyy el\u00e4m\u00e4n ihmeisiin kauniin, kiilt\u00e4v\u00e4n trumpetin avulla. Mutta kamppailu omaksi itsekseen tulemiseksi on vasta alkanut. Elokuvan tekij\u00e4 l\u00e4vist\u00e4\u00e4 perinteisen maskuliinisuuden muuntautumiskykyisell\u00e4 queer-katseella sek\u00e4 k\u00e4ytt\u00e4m\u00e4ll\u00e4 l\u00f6ydetty\u00e4 16mm filmimateriaalia sek\u00e4 digitaalisia ja analogisia manipulaatiokeinoja.<\/p>\n\n\n\n<p class=\"wp-block-paragraph\"><strong>Mia M\u00e4kel\u00e4: Anthropobee<\/strong> (2022, 17:00)<\/p>\n\n\n\n<figure class=\"wp-block-image size-large\"><img decoding=\"async\" src=\"https:\/\/www.av-arkki.fi\/wp-content\/uploads\/2023\/03\/showimage-3364.jpeg\" alt=\"\"\/><figcaption class=\"wp-element-caption\">Mia M\u00e4kel\u00e4: Anthropobee (2022)<\/figcaption><\/figure>\n\n\n\n<p class=\"wp-block-paragraph\">Anthropobee on kokeellinen videoessee ainutlaatuisesta lajien v\u00e4lisest\u00e4 suhteesta ihmisen ja hunajamehil\u00e4isen (apis mellifera) v\u00e4lill\u00e4. Taiteilija ty\u00f6skenteli kolme vuotta mehil\u00e4ishoitajana ja on dokumentoinut kokemuksensa sarjaksi humoristisia, runollisia ja pohdiskelevia dialogeja, joissa j\u00e4tet\u00e4\u00e4n my\u00f6s tilaa tiet\u00e4m\u00e4tt\u00f6myydelle ja ekosentrisyydelle, toisin kuin perinteisiss\u00e4 luontodokumentaareissa. Kohtaukset esitt\u00e4v\u00e4t, kuinka ihmiskeskeist\u00e4 ja totalitaariseen mehil\u00e4isen el\u00e4m\u00e4n hallintaan pyrkiv\u00e4\u00e4 nykyinen eurooppalainen mehil\u00e4ishoito on: mehil\u00e4iset alistetaan hy\u00f6dynnett\u00e4v\u00e4ksi luonnonvaraksi.<\/p>\n\n\n\n<hr class=\"wp-block-separator has-alpha-channel-opacity\"\/>\n\n\n\n<p class=\"wp-block-paragraph\">nostokuva: Nastja S\u00e4de R\u00f6nkk\u00f6: Survival Guide for a Post-Apocalyptical Child (X) (2023)<\/p>\n\n\n\n<hr class=\"wp-block-separator has-alpha-channel-opacity\"\/>\n\n\n\n<p class=\"wp-block-paragraph\">R&amp;A Spring Break, 12.\u201316.4.2023, Helsinki<\/p>\n\n\n\n<p class=\"wp-block-paragraph\">Lis\u00e4tietoa: Rakkautta &amp; Anarkiaa<\/p>\n\n\n\n<hr class=\"wp-block-separator has-alpha-channel-opacity\"\/>\n\n\n\n<p class=\"wp-block-paragraph\"><strong>AV-arkki on edist\u00e4nyt suomalaisen mediataiteen asemaa vuodesta 1989. Taiteilijat osallistuvat t\u00e4h\u00e4n tapahtumaan AV-arkin edist\u00e4misty\u00f6n ansiosta.<\/strong><\/p>\n","protected":false},"excerpt":{"rendered":"<p>R&amp;A Spring Break on Rakkautta &amp; Anarkiaa -yhdistyksen uudistunut kev\u00e4inen boutique-festivaali, joka j\u00e4rjestet\u00e4\u00e4n 12.\u201316.4.2023. Festivaalin ohjelmistossa esitet\u00e4\u00e4n AV-arkin lyhytelokuvan\u00e4yt\u00f6s &#8221;Toisen kanssa&#8221; sek\u00e4 Matti Harjun pitk\u00e4 esikoisohjaus Natura (2023),&#8230; <a class=\"excerpt-read-more\" href=\"https:\/\/www.av-arkki.fi\/fi\/uutiset\/retaspringbreak23\/\" title=\"ReadLyhytelokuvan\u00e4yt\u00f6s &#8221;Toisen kanssa&#8221; sek\u00e4 Matti Harjun esikoispitk\u00e4 Natura R&#038;A Spring Break -festivaalin ohjelmistossa\">Lue lis\u00e4\u00e4 \u00bb<\/a><\/p>\n","protected":false},"author":10,"featured_media":1748155,"comment_status":"closed","ping_status":"closed","sticky":false,"template":"","format":"standard","meta":{"_acf_changed":false,"footnotes":""},"categories":[1],"tags":[1337,1338,1339],"class_list":["post-1748154","post","type-post","status-publish","format-standard","has-post-thumbnail","hentry","category-uutiset","tag-av-arkin-levitystoiminta","tag-helsinki","tag-jasentaiteilijoiden-tapahtumat"],"acf":[],"_links":{"self":[{"href":"https:\/\/www.av-arkki.fi\/fi\/wp-json\/wp\/v2\/posts\/1748154","targetHints":{"allow":["GET"]}}],"collection":[{"href":"https:\/\/www.av-arkki.fi\/fi\/wp-json\/wp\/v2\/posts"}],"about":[{"href":"https:\/\/www.av-arkki.fi\/fi\/wp-json\/wp\/v2\/types\/post"}],"author":[{"embeddable":true,"href":"https:\/\/www.av-arkki.fi\/fi\/wp-json\/wp\/v2\/users\/10"}],"replies":[{"embeddable":true,"href":"https:\/\/www.av-arkki.fi\/fi\/wp-json\/wp\/v2\/comments?post=1748154"}],"version-history":[{"count":0,"href":"https:\/\/www.av-arkki.fi\/fi\/wp-json\/wp\/v2\/posts\/1748154\/revisions"}],"wp:featuredmedia":[{"embeddable":true,"href":"https:\/\/www.av-arkki.fi\/fi\/wp-json\/wp\/v2\/media\/1748155"}],"wp:attachment":[{"href":"https:\/\/www.av-arkki.fi\/fi\/wp-json\/wp\/v2\/media?parent=1748154"}],"wp:term":[{"taxonomy":"category","embeddable":true,"href":"https:\/\/www.av-arkki.fi\/fi\/wp-json\/wp\/v2\/categories?post=1748154"},{"taxonomy":"post_tag","embeddable":true,"href":"https:\/\/www.av-arkki.fi\/fi\/wp-json\/wp\/v2\/tags?post=1748154"}],"curies":[{"name":"wp","href":"https:\/\/api.w.org\/{rel}","templated":true}]}}