{"id":1731984,"date":"2023-02-06T17:21:44","date_gmt":"2023-02-06T14:21:44","guid":{"rendered":"https:\/\/www.av-arkki.fi\/?p=1731984"},"modified":"2024-04-27T21:22:20","modified_gmt":"2024-04-27T18:22:20","slug":"taidetta-taiteen-vuoksi-0223","status":"publish","type":"post","link":"https:\/\/www.av-arkki.fi\/fi\/uutiset\/taidetta-taiteen-vuoksi-0223\/","title":{"rendered":"Taidetta taiteen vuoksi: Fantastisia kohtaamisia"},"content":{"rendered":"\n<p>AV-arkin ja Cinema Orionin Taidetta taiteen vuoksi -n\u00e4yt\u00f6ssarjan seuraava n\u00e4yt\u00f6s esitet\u00e4\u00e4n 21.2. klo 17 Cinema Orionissa. Kev\u00e4\u00e4n 2023 teema on \u201dFantasiaa tutkimassa\u201d. Helmikuun n\u00e4yt\u00f6s \u201dFantastisia kohtaamisia\u201d voi l\u00e4hett\u00e4\u00e4 katsojan vapauttavalle matkalle, joka saa heid\u00e4n kyseenalaistamaan havaintoaan. N\u00e4yt\u00f6s tarjoaa p\u00e4\u00e4syn mielikuvituksellisiin sis\u00e4isiin maailmoihin, joiden illusoriset heijastukset keinuvat valkokankaalla.<\/p>\n\n\n\n<p>N\u00e4yt\u00f6s alkaa <strong>Ana Gutieszan<\/strong> \u00e4\u00e4niperformanssilla, jonka visuaalisesta osuudesta vastaa VJ <strong>J. Culebro<\/strong>. <strong>Shachindra Dassin<\/strong> <em>Menossa jonnekin?<\/em> (2012) vie meid\u00e4t vilkkaalle sillalle. <strong>Anya Tsyrlinan<\/strong> ja <strong>Sid Iandovkan<\/strong> <em>horiz\u014dn<\/em> (2019) sek\u00e4 <strong>Christopher Harrisin <\/strong><em>Halimuhfack<\/em> (2016) kysyv\u00e4t, miten kohdata arkistoaines. <strong>Ana Vazin<\/strong> <em>Pseudosphynx <\/em>(2020) ja <strong>Minna-Kaisa Kallisen<\/strong> <em>Kutsun niit\u00e4 kuultoimukkaiksi <\/em>(2021) esittelev\u00e4t lumoavia luontokappaleita \u2013 todellisia tai kuvitteellisia. Mutta mit\u00e4 kohtaa yksin\u00e4inen aasi <strong>Farhad Kalantaryn<\/strong> teoksessa <em>Standing Still<\/em> (2019)?<\/p>\n\n\n\n<p>Taidetta taiteen vuoksi tuo yhteen taiteilijain liikkuvaa kuvaa, mediataidetta ja kokeellista elokuvaa niin Suomesta kuin ymp\u00e4ri maailmaa, uutuuksia ja klassikoita. N\u00e4yt\u00f6ssarjaa ovat tukeneet Koneen s\u00e4\u00e4ti\u00f6, Opetus- ja kulttuuriministeri\u00f6 sek\u00e4 Helsingin kaupunki. Sarjan kuratoinnista vastaa ty\u00f6ryhm\u00e4, johon kuuluvat Diego Ginartes, Sepideh Rahaa, Tytti Rantanen ja Azar Saiyar. Seuraavat Taidetta taiteen vuoksi -n\u00e4yt\u00f6kset esitet\u00e4\u00e4n 4.4. ja 16.5.2023. N\u00e4yt\u00f6ksiin on vapaa p\u00e4\u00e4sy \u2013 <a href=\"https:\/\/tickets.cinemaorion.fi\/fi\/\">lunasta ilmainen lippusi Cinema Orionin verkkokaupasta!<\/a><\/p>\n\n\n\n<p>N\u00e4yt\u00f6ksess\u00e4 esitet\u00e4\u00e4n seuraavat teokset:<\/p>\n\n\n\n<ul class=\"wp-block-list\">\n<li>Ana Gutieszca: Sound performance (live, 25:00)<\/li>\n\n\n\n<li>Shachindra Dass: Menossa jonnekin? (FI, IN 2012, 04:33, ei dialogia)<\/li>\n\n\n\n<li>Anya Tsyrlina &amp; Sid Iandovka: horiz\u014dn (CH, 2019, 07:00, ei dialogia)<\/li>\n\n\n\n<li>Christopher Harris: Halimuhfack (US, 2016, 04:00, englanti)<\/li>\n\n\n\n<li>Ana Vaz: Pseudosphynx (BR, 2020, 08:00, portugali)<\/li>\n\n\n\n<li>Minna-Kaisa Kallinen: Kutsun niit\u00e4 kuultoimukkaiksi (FI, 2021, 22:48, suomi)<\/li>\n\n\n\n<li>Farhad Kalantary: Standing still (NO, 2019, 04:40, no dialogue)<\/li>\n<\/ul>\n\n\n\n<h2 class=\"wp-block-heading\">Teostiedot: <\/h2>\n\n\n\n<p><strong>Ana Gutieszca: Sound performance with visuals<\/strong> (live, 25 min)<\/p>\n\n\n\n<figure class=\"wp-block-image size-large\"><img loading=\"lazy\" decoding=\"async\" width=\"768\" height=\"1024\" src=\"https:\/\/www.av-arkki.fi\/wp-content\/uploads\/2023\/02\/AnaGutieszca-768x1024.jpg\" alt=\"\" class=\"wp-image-1731988\" srcset=\"https:\/\/www.av-arkki.fi\/wp-content\/uploads\/2023\/02\/AnaGutieszca-768x1025.jpg 768w, https:\/\/www.av-arkki.fi\/wp-content\/uploads\/2023\/02\/AnaGutieszca-225x300.jpg 225w, https:\/\/www.av-arkki.fi\/wp-content\/uploads\/2023\/02\/AnaGutieszca.jpg 979w\" sizes=\"auto, (max-width: 768px) 100vw, 768px\" \/><figcaption class=\"wp-element-caption\">Ana Gutieszca <\/figcaption><\/figure>\n\n\n\n<p>Ana Gutieszca on s\u00e4rkyneill\u00e4 \u00e4\u00e4nill\u00e4 ja grafiittimaailmoilla operoiva keksij\u00e4: h\u00e4nt\u00e4 kiehtoo piirt\u00e4misen muuntuminen \u00e4\u00e4neksi ja grafiitin k\u00e4ytt\u00f6 \u00e4\u00e4nten tuottamisen ty\u00f6kaluna. H\u00e4nen musiikkinsa on karua kuin autiomaa, siin\u00e4 yhdistyy itse tehtyjen nauhojen hypnoottinen noise rumpukoneiden risaan teknobiittiin.&nbsp;<\/p>\n\n\n\n<p><strong>Shachindra Dass: Menossa jonnekin?<\/strong> (FI, IN 2012, 04:33, ei dialogia)<\/p>\n\n\n\n<figure class=\"wp-block-image size-large\"><img loading=\"lazy\" decoding=\"async\" width=\"1024\" height=\"576\" src=\"https:\/\/www.av-arkki.fi\/wp-content\/uploads\/2023\/02\/Going-Somewhere-1024x576.jpeg\" alt=\"\" class=\"wp-image-1731990\" srcset=\"https:\/\/www.av-arkki.fi\/wp-content\/uploads\/2023\/02\/Going-Somewhere-1024x576.jpeg 1024w, https:\/\/www.av-arkki.fi\/wp-content\/uploads\/2023\/02\/Going-Somewhere-300x169.jpeg 300w, https:\/\/www.av-arkki.fi\/wp-content\/uploads\/2023\/02\/Going-Somewhere-768x432.jpeg 768w, https:\/\/www.av-arkki.fi\/wp-content\/uploads\/2023\/02\/Going-Somewhere-1536x864.jpeg 1536w, https:\/\/www.av-arkki.fi\/wp-content\/uploads\/2023\/02\/Going-Somewhere.jpeg 1920w\" sizes=\"auto, (max-width: 1024px) 100vw, 1024px\" \/><figcaption class=\"wp-element-caption\">Shachindra Dass: Menossa jonnekin (2012)<\/figcaption><\/figure>\n\n\n\n<p>Sillalle voi menn\u00e4 vain edest\u00e4 tai takaa. On kiehtova kokemus tarkastella intialaisen maalaissillan kaksisuuntaista yksinkertaisuutta.<\/p>\n\n\n\n<p><strong>Anya Tsyrlina &amp; Sid Iandovka: horiz\u014dn<\/strong> (CH, 2019, 07:00, ei dialogia)<\/p>\n\n\n\n<figure class=\"wp-block-image size-large\"><img loading=\"lazy\" decoding=\"async\" width=\"1024\" height=\"770\" src=\"https:\/\/www.av-arkki.fi\/wp-content\/uploads\/2023\/02\/horizon_5-1024x770.jpg\" alt=\"\" class=\"wp-image-1731992\" srcset=\"https:\/\/www.av-arkki.fi\/wp-content\/uploads\/2023\/02\/horizon_5-1024x770.jpg 1024w, https:\/\/www.av-arkki.fi\/wp-content\/uploads\/2023\/02\/horizon_5-300x226.jpg 300w, https:\/\/www.av-arkki.fi\/wp-content\/uploads\/2023\/02\/horizon_5-768x578.jpg 768w, https:\/\/www.av-arkki.fi\/wp-content\/uploads\/2023\/02\/horizon_5-1536x1156.jpg 1536w, https:\/\/www.av-arkki.fi\/wp-content\/uploads\/2023\/02\/horizon_5-2048x1541.jpg 2048w\" sizes=\"auto, (max-width: 1024px) 100vw, 1024px\" \/><figcaption class=\"wp-element-caption\">Anya Tsyrlina &amp; Sid Iandovka: horiz\u014dn (2019)<\/figcaption><\/figure>\n\n\n\n<p>V\u00e4h\u00e4p\u00e4t\u00f6inen satunnainen 70-luvun uutisfilmi taiteilijoiden kotipit\u00e4j\u00e4st\u00e4 Siperiasta tarjoaa l\u00e4ht\u00f6kohdan esitt\u00e4vien ja kerronnallisten tekniikoiden sinnikk\u00e4\u00e4lle etsinn\u00e4lle. Horiz\u014dn ei miss\u00e4\u00e4n vaiheessa sorru \u201dtarinaksi\u201d tai abstraktioksi, vaan mit\u00e4t\u00f6i analogisen ja digitaalisen, pinnan ja viittauskohteen, aistimuksen ja kokemuksen, nykyisyyden ja menneen v\u00e4lisen suhteen.&nbsp;<\/p>\n\n\n\n<p><strong>Christopher Harris: Halimuhfack<\/strong> (US, 2016, 04:00, englanti)<\/p>\n\n\n\n<figure class=\"wp-block-image size-large\"><img loading=\"lazy\" decoding=\"async\" width=\"1024\" height=\"769\" src=\"https:\/\/www.av-arkki.fi\/wp-content\/uploads\/2023\/02\/Halimuhfack-300-dpi-still-2-1024x769.jpg\" alt=\"\" class=\"wp-image-1731994\" srcset=\"https:\/\/www.av-arkki.fi\/wp-content\/uploads\/2023\/02\/Halimuhfack-300-dpi-still-2-1024x769.jpg 1024w, https:\/\/www.av-arkki.fi\/wp-content\/uploads\/2023\/02\/Halimuhfack-300-dpi-still-2-300x225.jpg 300w, https:\/\/www.av-arkki.fi\/wp-content\/uploads\/2023\/02\/Halimuhfack-300-dpi-still-2-768x577.jpg 768w, https:\/\/www.av-arkki.fi\/wp-content\/uploads\/2023\/02\/Halimuhfack-300-dpi-still-2-1536x1154.jpg 1536w, https:\/\/www.av-arkki.fi\/wp-content\/uploads\/2023\/02\/Halimuhfack-300-dpi-still-2-2048x1538.jpg 2048w\" sizes=\"auto, (max-width: 1024px) 100vw, 1024px\" \/><figcaption class=\"wp-element-caption\">Christopher Harris: Halimuhfack (2016)<\/figcaption><\/figure>\n\n\n\n<p>Esiintyj\u00e4 huulisynkkaa arkistonauhaa, jolla kuulemme kirjailija ja antropologi Zora Neale Hurstonin kertovan Floridan afroamerikkalaisten kansanlaulujen dokumentoimismenetelmist\u00e4\u00e4n.&nbsp;<\/p>\n\n\n\n<p><strong>Ana Vaz: Pseudosphynx<\/strong> (BR, 2020, 08:00, portugali)<\/p>\n\n\n\n<figure class=\"wp-block-image size-large\"><img loading=\"lazy\" decoding=\"async\" width=\"1024\" height=\"576\" src=\"https:\/\/www.av-arkki.fi\/wp-content\/uploads\/2023\/02\/Pseudosphynx-1024x576.jpg\" alt=\"\" class=\"wp-image-1731997\" srcset=\"https:\/\/www.av-arkki.fi\/wp-content\/uploads\/2023\/02\/Pseudosphynx-1024x576.jpg 1024w, https:\/\/www.av-arkki.fi\/wp-content\/uploads\/2023\/02\/Pseudosphynx-300x169.jpg 300w, https:\/\/www.av-arkki.fi\/wp-content\/uploads\/2023\/02\/Pseudosphynx-768x432.jpg 768w, https:\/\/www.av-arkki.fi\/wp-content\/uploads\/2023\/02\/Pseudosphynx-1536x864.jpg 1536w, https:\/\/www.av-arkki.fi\/wp-content\/uploads\/2023\/02\/Pseudosphynx.jpg 1920w\" sizes=\"auto, (max-width: 1024px) 100vw, 1024px\" \/><figcaption class=\"wp-element-caption\">Ana Vaz: Pseudosphynx (2020)<\/figcaption><\/figure>\n\n\n\n<p>Pseudosfinksi on tieteellinen nimitys tuliperhostoukille, joista pian tulee perhosia, tai kuten niit\u00e4 yleisesti (ja lupaavasti) kutsutaan: noitia. Pseudosfinksi on samaan aikaan sfinksi, ep\u00e4inhimillinen ktooninen huiputtava ja loitsiva hirvi\u00f6; ja pseudo, keinotekoinen, vilpillinen, petollinen, ep\u00e4todellinen, illusionistinen, mimeettinen. Pseudosfinksi pit\u00e4\u00e4 merkityksens\u00e4 verhottuna kuin salaisuuden, jota varjelevat he, joiden verkkokalvoon on tallentunut haptinen vaikutelma hy\u00f6nteisen kamppailusta.<\/p>\n\n\n\n<p><strong>Minna-Kaisa Kallinen: Kutsun niit\u00e4 kuultoimukkaiksi<\/strong> (FI, 2021, 22:48, suomi)<\/p>\n\n\n\n<figure class=\"wp-block-image size-large\"><img loading=\"lazy\" decoding=\"async\" width=\"1024\" height=\"575\" src=\"https:\/\/www.av-arkki.fi\/wp-content\/uploads\/2023\/02\/Kutsun-niita-kuultoimukkaiksi-1024x575.jpeg\" alt=\"\" class=\"wp-image-1731999\" srcset=\"https:\/\/www.av-arkki.fi\/wp-content\/uploads\/2023\/02\/Kutsun-niita-kuultoimukkaiksi-1024x575.jpeg 1024w, https:\/\/www.av-arkki.fi\/wp-content\/uploads\/2023\/02\/Kutsun-niita-kuultoimukkaiksi-300x168.jpeg 300w, https:\/\/www.av-arkki.fi\/wp-content\/uploads\/2023\/02\/Kutsun-niita-kuultoimukkaiksi-768x431.jpeg 768w, https:\/\/www.av-arkki.fi\/wp-content\/uploads\/2023\/02\/Kutsun-niita-kuultoimukkaiksi-1536x862.jpeg 1536w, https:\/\/www.av-arkki.fi\/wp-content\/uploads\/2023\/02\/Kutsun-niita-kuultoimukkaiksi.jpeg 1920w\" sizes=\"auto, (max-width: 1024px) 100vw, 1024px\" \/><figcaption class=\"wp-element-caption\">Minna-Kaisa Kallinen: Kutsun niit\u00e4 kuultoimukkaiksi (2021)<\/figcaption><\/figure>\n\n\n\n<p>Kutsun niit\u00e4 kuultoimukkaiksi vie katsojan keskelle uimarin ja merest\u00e4 l\u00f6ytyv\u00e4n tuntemattoman eli\u00f6n ihmeellist\u00e4 kohtaamista. Aluksi uimari on kauhuissaan, mutta pian h\u00e4n my\u00f6s haltioituu l\u00f6yd\u00f6ksest\u00e4\u00e4n ja hyvin nopeassa ajassa eli\u00f6t valtaavat kaiken h\u00e4nen aikansa. Uimarin loputon tiedonjano vie h\u00e4net yh\u00e4 syvemm\u00e4lle eli\u00f6iden maailmaan. Kutsun niit\u00e4 kuultoimukkaiksi pohtii ihmisen luontosuhdetta, ennakkoluuloja ja pelkoja sek\u00e4 halua ymm\u00e4rt\u00e4\u00e4 jotain itselle vierasta.<\/p>\n\n\n\n<p><strong>Farhad Kalantary: Standing still<\/strong> (NO, 2019, 04:40, no dialogue)<\/p>\n\n\n\n<figure class=\"wp-block-image size-large\"><img loading=\"lazy\" decoding=\"async\" width=\"1024\" height=\"579\" src=\"https:\/\/www.av-arkki.fi\/wp-content\/uploads\/2023\/02\/Still-from-StandingStill-1-1024x579.jpg\" alt=\"\" class=\"wp-image-1732001\" srcset=\"https:\/\/www.av-arkki.fi\/wp-content\/uploads\/2023\/02\/Still-from-StandingStill-1-1024x579.jpg 1024w, https:\/\/www.av-arkki.fi\/wp-content\/uploads\/2023\/02\/Still-from-StandingStill-1-300x170.jpg 300w, https:\/\/www.av-arkki.fi\/wp-content\/uploads\/2023\/02\/Still-from-StandingStill-1-768x434.jpg 768w, https:\/\/www.av-arkki.fi\/wp-content\/uploads\/2023\/02\/Still-from-StandingStill-1-1536x869.jpg 1536w, https:\/\/www.av-arkki.fi\/wp-content\/uploads\/2023\/02\/Still-from-StandingStill-1-2048x1158.jpg 2048w\" sizes=\"auto, (max-width: 1024px) 100vw, 1024px\" \/><figcaption class=\"wp-element-caption\">Farhad Kalantary: Standing still (2019)<\/figcaption><\/figure>\n\n\n\n<p>Kuivassa ja autiossa maisemassa harmaa aasi pysyy aloillaan. El\u00e4in on liikkumaton, mutta sen uteliaat korvat kuvaavat kuuntelemisen aktia. Mit\u00e4 se kuuntelee? Mitk\u00e4 ovat \u00e4\u00e4nen mahdollisuudet?<\/p>\n\n\n\n<hr class=\"wp-block-separator has-alpha-channel-opacity\"\/>\n\n\n\n<figure class=\"wp-block-image size-large is-resized\"><img loading=\"lazy\" decoding=\"async\" src=\"https:\/\/www.av-arkki.fi\/wp-content\/uploads\/2019\/09\/Orion-logo.jpg\" alt=\"\" width=\"415\" height=\"94\"\/><\/figure>\n\n\n\n<figure class=\"wp-block-image size-large is-resized\"><img loading=\"lazy\" decoding=\"async\" src=\"https:\/\/www.av-arkki.fi\/wp-content\/uploads\/2021\/12\/Vihrea-Koneensaatio-logo-2048x771.jpg\" alt=\"\" width=\"635\" height=\"239\"\/><\/figure>\n\n\n\n<figure class=\"wp-block-image size-large is-resized\"><img loading=\"lazy\" decoding=\"async\" src=\"https:\/\/www.av-arkki.fi\/wp-content\/uploads\/2020\/05\/OKM_FI_2rivi_logot_ISO-1024x259.jpg\" alt=\"\" width=\"681\" height=\"172\"\/><\/figure>\n\n\n\n<figure class=\"wp-block-image size-large\"><img decoding=\"async\" src=\"https:\/\/www.av-arkki.fi\/wp-content\/uploads\/2022\/12\/Kulke.jpeg\" alt=\"\"\/><\/figure>\n\n\n\n<hr class=\"wp-block-separator has-alpha-channel-opacity\"\/>\n\n\n\n<p>Taidetta taiteen vuoksi \/ Fantasioita tutkimassa \/ Fantastisia kohtaamisia, 21.2.2023, Cinema Orion<\/p>\n\n\n\n<p>Lis\u00e4tietoa: <a href=\"https:\/\/cinemaorion.fi\/elokuvat\/fantasioita-tutkimassa-fantastisia-kohtaamisia\/\">Cinema Orion<\/a><\/p>\n\n\n\n<hr class=\"wp-block-separator has-alpha-channel-opacity\"\/>\n\n\n\n<p><strong>AV-arkki on edist\u00e4nyt suomalaisen mediataiteen asemaa vuodesta 1989. Taiteilijat osallistuvat t\u00e4h\u00e4n tapahtumaan AV-arkin edist\u00e4misty\u00f6n ansiosta.<\/strong><\/p>\n","protected":false},"excerpt":{"rendered":"<p>AV-arkin ja Cinema Orionin Taidetta taiteen vuoksi -n\u00e4yt\u00f6ssarjan seuraava n\u00e4yt\u00f6s esitet\u00e4\u00e4n 21.2. klo 17 Cinema Orionissa. Kev\u00e4\u00e4n 2023 teema on \u201dFantasiaa tutkimassa\u201d. Helmikuun n\u00e4yt\u00f6s \u201dFantastisia kohtaamisia\u201d voi l\u00e4hett\u00e4\u00e4&#8230; <a class=\"excerpt-read-more\" href=\"https:\/\/www.av-arkki.fi\/fi\/uutiset\/taidetta-taiteen-vuoksi-0223\/\" title=\"ReadTaidetta taiteen vuoksi: Fantastisia kohtaamisia\">Lue lis\u00e4\u00e4 \u00bb<\/a><\/p>\n","protected":false},"author":4,"featured_media":1731985,"comment_status":"closed","ping_status":"closed","sticky":false,"template":"","format":"standard","meta":{"_acf_changed":false,"footnotes":""},"categories":[1],"tags":[1341,1338,1342,2769],"class_list":["post-1731984","post","type-post","status-publish","format-standard","has-post-thumbnail","hentry","category-uutiset","tag-hankkeet","tag-helsinki","tag-kotimaa","tag-taidetta-taiteen-vuoksi"],"acf":[],"_links":{"self":[{"href":"https:\/\/www.av-arkki.fi\/fi\/wp-json\/wp\/v2\/posts\/1731984","targetHints":{"allow":["GET"]}}],"collection":[{"href":"https:\/\/www.av-arkki.fi\/fi\/wp-json\/wp\/v2\/posts"}],"about":[{"href":"https:\/\/www.av-arkki.fi\/fi\/wp-json\/wp\/v2\/types\/post"}],"author":[{"embeddable":true,"href":"https:\/\/www.av-arkki.fi\/fi\/wp-json\/wp\/v2\/users\/4"}],"replies":[{"embeddable":true,"href":"https:\/\/www.av-arkki.fi\/fi\/wp-json\/wp\/v2\/comments?post=1731984"}],"version-history":[{"count":0,"href":"https:\/\/www.av-arkki.fi\/fi\/wp-json\/wp\/v2\/posts\/1731984\/revisions"}],"wp:featuredmedia":[{"embeddable":true,"href":"https:\/\/www.av-arkki.fi\/fi\/wp-json\/wp\/v2\/media\/1731985"}],"wp:attachment":[{"href":"https:\/\/www.av-arkki.fi\/fi\/wp-json\/wp\/v2\/media?parent=1731984"}],"wp:term":[{"taxonomy":"category","embeddable":true,"href":"https:\/\/www.av-arkki.fi\/fi\/wp-json\/wp\/v2\/categories?post=1731984"},{"taxonomy":"post_tag","embeddable":true,"href":"https:\/\/www.av-arkki.fi\/fi\/wp-json\/wp\/v2\/tags?post=1731984"}],"curies":[{"name":"wp","href":"https:\/\/api.w.org\/{rel}","templated":true}]}}