{"id":1731980,"date":"2023-02-06T12:45:42","date_gmt":"2023-02-06T09:45:42","guid":{"rendered":"https:\/\/www.av-arkki.fi\/?p=1731980"},"modified":"2023-02-14T17:57:21","modified_gmt":"2023-02-14T14:57:21","slug":"autio-feel-the-heat-mediabox23","status":"publish","type":"post","link":"https:\/\/www.av-arkki.fi\/fi\/uutiset\/autio-feel-the-heat-mediabox23\/","title":{"rendered":"Pasi Aution Feel the Heat n\u00e4ht\u00e4vill\u00e4 Forum Boxin Mediaboxissa 6.2.-5.3.2023"},"content":{"rendered":"\n<p class=\"wp-block-paragraph\">Pasi Aution Feel the Heat (2022) aukeaa Forum Boxin Mediaboxiin perjantaina 6.2. ja on esill\u00e4 5.3.2023 saakka. <\/p>\n\n\n\n<p class=\"wp-block-paragraph\"><a href=\"\/fi?p=1611982\">Feel the Heat<\/a> -videoteoksessa kuvataan \u00f6isess\u00e4 mets\u00e4ss\u00e4 olevaa yhden miehen discoa, jossa meno on parhaimmillaan: Valot v\u00e4lkkyv\u00e4t, linnut laulavat, tanssi kulkee ja aika katoaa. Y\u00f6 ei voi kuitenkaan jatkua ikuisesti, ja aamun valjetessa ymp\u00e4r\u00f6iv\u00e4 todellisuus paljastuu.<\/p>\n\n\n\n<p class=\"wp-block-paragraph\"><a href=\"\/fi?p=1127598\">Pasi Autio<\/a> on vaasalaissyntyinen mediataitelija, joka asuu ja ty\u00f6skentelee Helsingiss\u00e4. H\u00e4n k\u00e4ytt\u00e4\u00e4 v\u00e4linein\u00e4\u00e4n valokuvaa, liikkuvaa kuvaa ja \u00e4\u00e4nt\u00e4. H\u00e4nt\u00e4 kiinnostavat ihmisen mielen ja ymp\u00e4r\u00f6iv\u00e4n todellisuuden vuorovaikutus sek\u00e4 itsest\u00e4\u00e4n selvilt\u00e4 n\u00e4ytt\u00e4v\u00e4t mutta monimutkaiset tapahtumat. T\u00e4ll\u00e4 hetkell\u00e4 h\u00e4nt\u00e4 kiinnostaa todellisuus, jossa realismi ja mielikuvitus sekoittuvat omaksi kokonaisuudekseen.<\/p>\n\n\n\n<p class=\"wp-block-paragraph\">Mediabox on Forum Boxin tila mediataiteelle. Uusinta mediataidetta esittelev\u00e4 ohjelmisto suunnitellaan yhteisty\u00f6ss\u00e4 AV-arkin kanssa. Tila toimii nyt yhten\u00e4 t\u00e4rke\u00e4n\u00e4 kanavana mediataiteelle. Mediaboxissa esitett\u00e4v\u00e4 videoteos on my\u00f6s mahdollista&nbsp;<a href=\"https:\/\/forumbox.fi\/2022\/04\/07\/mediaboxin-teos-nahtavilla-esteettomasti\/\">katsoa esteett\u00f6m\u00e4sti<\/a>&nbsp;tabletilta Galleria Forum Boxin katutason tiloissa. Mik\u00e4li Mediabox on sinulle esteellinen, pyyd\u00e4th\u00e4n tabletin lainaan Forum Boxin henkil\u00f6kunnalta.<\/p>\n\n\n\n<hr class=\"wp-block-separator has-alpha-channel-opacity\"\/>\n\n\n\n<p class=\"wp-block-paragraph\">Pasi Autio: Feel the Heat, 6.2-5.3.2023, Forum Boxin Mediabox<\/p>\n\n\n\n<p class=\"wp-block-paragraph\">Lis\u00e4tietoa: <a href=\"https:\/\/forumbox.fi\/exhibition\/feel-the-heat-2022\/\">Forum Box<\/a>. <\/p>\n\n\n\n<hr class=\"wp-block-separator has-alpha-channel-opacity\"\/>\n\n\n\n<p class=\"wp-block-paragraph\"><strong>AV-arkki on edist\u00e4nyt suomalaisen mediataiteen asemaa vuodesta 1989. Taiteilijat osallistuvat t\u00e4h\u00e4n tapahtumaan AV-arkin edist\u00e4misty\u00f6n ansiosta.<\/strong><\/p>\n","protected":false},"excerpt":{"rendered":"<p>Pasi Aution Feel the Heat (2022) aukeaa Forum Boxin Mediaboxiin perjantaina 6.2. ja on esill\u00e4 5.3.2023 saakka. Feel the Heat -videoteoksessa kuvataan \u00f6isess\u00e4 mets\u00e4ss\u00e4 olevaa yhden miehen discoa,&#8230; <a class=\"excerpt-read-more\" href=\"https:\/\/www.av-arkki.fi\/fi\/uutiset\/autio-feel-the-heat-mediabox23\/\" title=\"ReadPasi Aution Feel the Heat n\u00e4ht\u00e4vill\u00e4 Forum Boxin Mediaboxissa 6.2.-5.3.2023\">Lue lis\u00e4\u00e4 \u00bb<\/a><\/p>\n","protected":false},"author":4,"featured_media":1588991,"comment_status":"closed","ping_status":"closed","sticky":false,"template":"","format":"standard","meta":{"_acf_changed":false,"footnotes":""},"categories":[1],"tags":[1337,1338,1342,1340],"class_list":["post-1731980","post","type-post","status-publish","format-standard","has-post-thumbnail","hentry","category-uutiset","tag-av-arkin-levitystoiminta","tag-helsinki","tag-kotimaa","tag-mediabox"],"acf":[],"_links":{"self":[{"href":"https:\/\/www.av-arkki.fi\/fi\/wp-json\/wp\/v2\/posts\/1731980","targetHints":{"allow":["GET"]}}],"collection":[{"href":"https:\/\/www.av-arkki.fi\/fi\/wp-json\/wp\/v2\/posts"}],"about":[{"href":"https:\/\/www.av-arkki.fi\/fi\/wp-json\/wp\/v2\/types\/post"}],"author":[{"embeddable":true,"href":"https:\/\/www.av-arkki.fi\/fi\/wp-json\/wp\/v2\/users\/4"}],"replies":[{"embeddable":true,"href":"https:\/\/www.av-arkki.fi\/fi\/wp-json\/wp\/v2\/comments?post=1731980"}],"version-history":[{"count":0,"href":"https:\/\/www.av-arkki.fi\/fi\/wp-json\/wp\/v2\/posts\/1731980\/revisions"}],"wp:featuredmedia":[{"embeddable":true,"href":"https:\/\/www.av-arkki.fi\/fi\/wp-json\/wp\/v2\/media\/1588991"}],"wp:attachment":[{"href":"https:\/\/www.av-arkki.fi\/fi\/wp-json\/wp\/v2\/media?parent=1731980"}],"wp:term":[{"taxonomy":"category","embeddable":true,"href":"https:\/\/www.av-arkki.fi\/fi\/wp-json\/wp\/v2\/categories?post=1731980"},{"taxonomy":"post_tag","embeddable":true,"href":"https:\/\/www.av-arkki.fi\/fi\/wp-json\/wp\/v2\/tags?post=1731980"}],"curies":[{"name":"wp","href":"https:\/\/api.w.org\/{rel}","templated":true}]}}