{"id":1731972,"date":"2023-02-01T13:36:01","date_gmt":"2023-02-01T10:36:01","guid":{"rendered":"https:\/\/www.av-arkki.fi\/?p=1731972"},"modified":"2023-02-01T14:48:03","modified_gmt":"2023-02-01T11:48:03","slug":"tampereen-elokuvajuhlat-kilpasarjavalinnat23","status":"publish","type":"post","link":"https:\/\/www.av-arkki.fi\/fi\/uutiset\/tampereen-elokuvajuhlat-kilpasarjavalinnat23\/","title":{"rendered":"Tampereen elokuvajuhlilla n\u00e4ht\u00e4vill\u00e4 AV-arkin taiteilijoiden teoksia"},"content":{"rendered":"\n<p class=\"wp-block-paragraph\"><a href=\"https:\/\/tamperefilmfestival.fi\/\">Tampereen elokuvajuhlien<\/a> kilpasarjavalinnat on julkaistu. Festivaali j\u00e4rjestet\u00e4\u00e4n t\u00e4n\u00e4 vuonna 8.-12.3.2023. Maija Bl\u00e5fieldin teos Scenic View (2023) valittiin elokuvajuhlien <a href=\"https:\/\/tamperefilmfestival.fi\/info\/kilpailut-2023\/valitut-kansainvalinen-kilpailu-2023\/\">kansainv\u00e4liseen kilpailuun<\/a>. <\/p>\n\n\n\n<p class=\"wp-block-paragraph\">Lue alta kaikki festivaalin <a href=\"https:\/\/tamperefilmfestival.fi\/info\/kilpailut-2023\/valitut-kotimainen-kilpailu-2023\/\">kotimaisessa kilpailussa<\/a> n\u00e4ht\u00e4v\u00e4t AV-arkin taiteilijoiden teokset: <\/p>\n\n\n\n<p class=\"wp-block-paragraph\"><strong><a href=\"\/fi?p=1128278\">Sami van Ingen<\/a> &amp; <a href=\"\/fi?p=1128215\">Mika Taanila<\/a>: Monica in the South Seas<\/strong> (2023, 73:00)<\/p>\n\n\n\n<p class=\"wp-block-paragraph\">Elokuva seuraa Monica Flahertyn (1920\u20132008) kunnianhimoista yrityst\u00e4 rakentaa t\u00e4ydellinen versio \u201cmaailman ensimm\u00e4isest\u00e4 dokufiktiosta\u201d Moanasta (ohj. Robert ja Frances Flaherty, 1926). Elokuvan p\u00e4\u00e4henkil\u00f6 Monica on nuorin Robertin ja Francesin kolmesta tytt\u00e4rest\u00e4. Elokuva on mukana festivaalin Pitk\u00e4t dokumentit -osiossa. <\/p>\n\n\n\n<p class=\"wp-block-paragraph\"><strong><a href=\"\/fi?p=1578613\">Mia M\u00e4kel\u00e4: Anthropobee<\/a> <\/strong>(2022, 17:00)<\/p>\n\n\n\n<p class=\"wp-block-paragraph\">Anthropobee on kokeellinen videoessee ainutlaatuisesta lajien v\u00e4lisest\u00e4 suhteesta ihmisen ja hunajamehil\u00e4isen (apis mellifera) v\u00e4lill\u00e4. Kohtaukset esitt\u00e4v\u00e4t, kuinka ihmiskeskeist\u00e4 ja totalitaariseen mehil\u00e4isen el\u00e4m\u00e4n hallintaan pyrkiv\u00e4\u00e4 nykyinen eurooppalainen mehil\u00e4ishoito on: mehil\u00e4iset alistetaan hy\u00f6dynnett\u00e4v\u00e4ksi luonnonvaraksi.<\/p>\n\n\n\n<p class=\"wp-block-paragraph\"><strong><a href=\"\/fi?p=1127813\">Kaisu Koski<\/a>: City Reindeer<\/strong> (2022, 10:00)<\/p>\n\n\n\n<p class=\"wp-block-paragraph\">City Reindeer n\u00e4kee, ett\u00e4 ilmastokriisiss\u00e4 on kyse suhdeongelmasta ennemmin kuin hiilidioksidip\u00e4\u00e4st\u00f6jen v\u00e4hent\u00e4misest\u00e4. T\u00e4m\u00e4 sarja lajien v\u00e4lisi\u00e4 ev\u00e4sretki\u00e4 pyrkii aloittamaan ihmisten ja ei-ihmisten v\u00e4lisen suhteen entis\u00f6imisen, alkaen sukulaisestamme porosta. <\/p>\n\n\n\n<p class=\"wp-block-paragraph\"><strong><a href=\"\/fi?p=1127637\">Jussi Eerola<\/a>: Grasshopper<\/strong> (2022, 9:00)<\/p>\n\n\n\n<p class=\"wp-block-paragraph\">Grasshopper on minimalistinen lyhytelokuva tyhjill\u00e4\u00e4n olevan liikehuoneiston ja sen kotikadun sielunel\u00e4m\u00e4st\u00e4, kaupunkikuvan muutoksista ja pakahduttavasta m\u00e4\u00e4r\u00e4st\u00e4 toivoa uuden edess\u00e4.<\/p>\n\n\n\n<p class=\"wp-block-paragraph\"><strong><a href=\"\/fi?p=1684797\">Jan Ij\u00e4s: House of the Wickedest Man in the World<\/a> <\/strong>(2023, 24:53)<\/p>\n\n\n\n<p class=\"wp-block-paragraph\">House of the Wickedest Man in the World kertoo Cefal\u00fassa, Sisiliassa sijaitsevan l\u00e4hes raunioituneen rakennuksen tarinan. Rakennuksessa asui 1920-luvun alussa Aleister Crowley, aikansa kuuluisin okkultisti. Nykyisin rakennus on autio ja sijaitsee kaupungin jalkapallostadionin kupeessa. Rakennuksen on annettu rapistua, koska edelleenkin uskotaan \u201dpahojen voimien\u201d ymp\u00e4r\u00f6iv\u00e4n t\u00e4t\u00e4 kirottua rakennusta ja tonttia.<\/p>\n\n\n\n<p class=\"wp-block-paragraph\"><strong><a href=\"\/fi?p=1674823\">Hannaleena Heiska: Metamorphosis<\/a> <\/strong>(2022, 7:19)<\/p>\n\n\n\n<p class=\"wp-block-paragraph\">Mit\u00e4 taidemuseossa tapahtuu, kun yleis\u00f6 ja henkil\u00f6kunta on l\u00e4htenyt pois ja taide alkaa el\u00e4\u00e4 omaa el\u00e4m\u00e4\u00e4ns\u00e4? Teos ehdottaa heitt\u00e4ytym\u00e4\u00e4n katsomiskokemukseen ja antautumaan ei-sanallisen kerronnan johdattelemaksi. Teos on syntynyt kuvataiteilija Hannaleena Heiskan ja tanssija-koreografi Minna Tervam\u00e4en poikkitaiteellisessa yhteisty\u00f6ss\u00e4.<\/p>\n\n\n\n<p class=\"wp-block-paragraph\"><strong><a href=\"\/fi?p=1127969\">Arttu Nieminen<\/a>: Lift Up Your Voices<\/strong> (2023, 12:00)<\/p>\n\n\n\n<p class=\"wp-block-paragraph\">Arttu Niemisen viimeisin animoitu mediataideteos. <\/p>\n\n\n\n<p class=\"wp-block-paragraph\"><strong><a href=\"\/fi?p=1127610\">Maija Bl\u00e5field<\/a>: Scenic View<\/strong> (2023, 15:00)<\/p>\n\n\n\n<p class=\"wp-block-paragraph\">Mit\u00e4 pidet\u00e4\u00e4n \u201dautenttisena\u201d luontona ja luontoelokuvana? N\u00e4emmek\u00f6 talousmets\u00e4\u00e4 sinne istutetuilta puilta? Tunnistammeko kaupunkiluonnon uudet, oikukkaat muodot? Miten karhu houkutellaan esiintym\u00e4\u00e4n kameralle?&nbsp;Maija Bl\u00e5fieldin&nbsp;uusi teos pureutuu siihen, miten luontokuvausten \u201dluonnollisuutta\u201d rakennetaan ja paljastaa, mik\u00e4 kaikki rajataan n\u00e4kym\u00e4tt\u00f6miin, kulissien taakse. <\/p>\n\n\n\n<p class=\"wp-block-paragraph\"><strong><a href=\"\/fi?p=1683947\">Nastja S\u00e4de R\u00f6nkk\u00f6: Those Who Kept the Light \/ Seaweed<\/a> <\/strong>(2022, 8:32, kuvassa)<\/p>\n\n\n\n<p class=\"wp-block-paragraph\">Those Who Kept the Light on teossarja, joka tutkii riippuvaista suhdettamme mereen queerien ja feminististen merellisten kertomusten kontekstissa. Kertomukset kerrotaan ihmisten ja muiden-kuin-ihmisten rakkaustarinoiden yhteydess\u00e4; tuuli ja meri n\u00e4hd\u00e4\u00e4n tietoisina, tuntevina ja \u00e4\u00e4nellisin\u00e4 entiteettein\u00e4. Ilmastokriisin ja merien ekosysteemien haurauden laajemmassa yhteydess\u00e4 sarja luotaa mielikuvittelun ja kaipuun kollektiivista mielenmaisemaa. <\/p>\n\n\n\n<p class=\"wp-block-paragraph\"><a href=\"\/fi?p=1718498\"><strong>Juhani Koivum\u00e4ki: Toivo <\/strong><\/a>(2023, 16:34)<\/p>\n\n\n\n<p class=\"wp-block-paragraph\">Kolmiosainen dokumentaarinen lyhytelokuva Toivo vie katsojan kokemaan, miten toiveet muuttuvat el\u00e4m\u00e4nvaiheesta ja olosuhteista riippuen. Teos j\u00e4tt\u00e4\u00e4 katsojan pohdittavaksi, mit\u00e4 h\u00e4n toivoo ja mit\u00e4 haluaisi toivoa.<\/p>\n\n\n\n<p class=\"wp-block-paragraph\"><strong><a href=\"\/fi?p=1665977\">Pink Twins: The Transient<\/a> <\/strong>(2023, 10:10)<\/p>\n\n\n\n<p class=\"wp-block-paragraph\">The Transient on se h\u00e4vi\u00e4v\u00e4 hetki, jolloin kyseenalaistat n\u00e4kem\u00e4si, oudon laakson ep\u00e4ilys valtaa mielesi ja ymp\u00e4r\u00f6iv\u00e4 idyllinen luonto paljastuu kloonauksen ja pakkomielteisen muokkauksen tulokseksi. Tai se hetki, jolloin luovut todellisuuden houkutuksesta ja antaudut luonnon kasvun pakahduttavalle kauneudelle, kukkaanpuhkeavalle kev\u00e4\u00e4lle ja kes\u00e4y\u00f6n hehkulle. The Transient on todellisuutta, keinotekoista, kuviteltua, paratiisimaista ja apokalyptist\u00e4, sek\u00e4 kaikkea muuta.<\/p>\n\n\n\n<p class=\"wp-block-paragraph\"><strong>Hanna Hovitie: Ympyr\u00e4n neli\u00f6imisest\u00e4 <\/strong>(2022, 18:00)<\/p>\n\n\n\n<p class=\"wp-block-paragraph\">\u201cYmpyr\u00e4n neli\u00f6iminen\u201d on sanonta, joka juontaa juurensa antiikin klassisesta ongelmasta konstruoida t\u00e4sm\u00e4lleen annetun ympyr\u00e4n kokoinen neli\u00f6. Ympyr\u00e4n neli\u00f6iminen geometrisesti on todettu mahdottomaksi ja siksi sanonta tarkoittaa my\u00f6s mahdottoman yritt\u00e4mist\u00e4. Teos reflektoi el\u00e4m\u00e4n mahdottomuuksia: \u00c4\u00e4rett\u00f6myyden ymm\u00e4rt\u00e4mist\u00e4, t\u00e4ydellisen ympyr\u00e4n tuottamista, ajankulun hyv\u00e4ksymist\u00e4 ja oman paikkansa l\u00f6yt\u00e4mist\u00e4.<\/p>\n\n\n\n<p class=\"wp-block-paragraph\">Elokuvajuhlien muu ohjelmisto julkaistaan 15.2.2023.<\/p>\n\n\n\n<hr class=\"wp-block-separator has-alpha-channel-opacity\"\/>\n\n\n\n<p class=\"wp-block-paragraph\">Tampere Film Festival, 8.-12.3.2023, Tampere.<\/p>\n\n\n\n<p class=\"wp-block-paragraph\">Lis\u00e4tietoa: <a href=\"https:\/\/tamperefilmfestival.fi\/\">Tampere Film Festival<\/a>.<\/p>\n\n\n\n<hr class=\"wp-block-separator has-alpha-channel-opacity\"\/>\n\n\n\n<p class=\"wp-block-paragraph\"><strong>AV-arkki on edist\u00e4nyt suomalaisen mediataiteen asemaa vuodesta 1989. Taiteilijat osallistuvat t\u00e4h\u00e4n tapahtumaan AV-arkin edist\u00e4misty\u00f6n ansiosta.<\/strong><\/p>\n","protected":false},"excerpt":{"rendered":"<p>Tampereen elokuvajuhlien kilpasarjavalinnat on julkaistu. Festivaali j\u00e4rjestet\u00e4\u00e4n t\u00e4n\u00e4 vuonna 8.-12.3.2023. Maija Bl\u00e5fieldin teos Scenic View (2023) valittiin elokuvajuhlien kansainv\u00e4liseen kilpailuun. Lue alta kaikki festivaalin kotimaisessa kilpailussa n\u00e4ht\u00e4v\u00e4t AV-arkin&#8230; <a class=\"excerpt-read-more\" href=\"https:\/\/www.av-arkki.fi\/fi\/uutiset\/tampereen-elokuvajuhlat-kilpasarjavalinnat23\/\" title=\"ReadTampereen elokuvajuhlilla n\u00e4ht\u00e4vill\u00e4 AV-arkin taiteilijoiden teoksia\">Lue lis\u00e4\u00e4 \u00bb<\/a><\/p>\n","protected":false},"author":4,"featured_media":1731973,"comment_status":"closed","ping_status":"closed","sticky":false,"template":"","format":"standard","meta":{"_acf_changed":false,"footnotes":""},"categories":[1],"tags":[1337,1339,1342],"class_list":["post-1731972","post","type-post","status-publish","format-standard","has-post-thumbnail","hentry","category-uutiset","tag-av-arkin-levitystoiminta","tag-jasentaiteilijoiden-tapahtumat","tag-kotimaa"],"acf":[],"_links":{"self":[{"href":"https:\/\/www.av-arkki.fi\/fi\/wp-json\/wp\/v2\/posts\/1731972","targetHints":{"allow":["GET"]}}],"collection":[{"href":"https:\/\/www.av-arkki.fi\/fi\/wp-json\/wp\/v2\/posts"}],"about":[{"href":"https:\/\/www.av-arkki.fi\/fi\/wp-json\/wp\/v2\/types\/post"}],"author":[{"embeddable":true,"href":"https:\/\/www.av-arkki.fi\/fi\/wp-json\/wp\/v2\/users\/4"}],"replies":[{"embeddable":true,"href":"https:\/\/www.av-arkki.fi\/fi\/wp-json\/wp\/v2\/comments?post=1731972"}],"version-history":[{"count":0,"href":"https:\/\/www.av-arkki.fi\/fi\/wp-json\/wp\/v2\/posts\/1731972\/revisions"}],"wp:featuredmedia":[{"embeddable":true,"href":"https:\/\/www.av-arkki.fi\/fi\/wp-json\/wp\/v2\/media\/1731973"}],"wp:attachment":[{"href":"https:\/\/www.av-arkki.fi\/fi\/wp-json\/wp\/v2\/media?parent=1731972"}],"wp:term":[{"taxonomy":"category","embeddable":true,"href":"https:\/\/www.av-arkki.fi\/fi\/wp-json\/wp\/v2\/categories?post=1731972"},{"taxonomy":"post_tag","embeddable":true,"href":"https:\/\/www.av-arkki.fi\/fi\/wp-json\/wp\/v2\/tags?post=1731972"}],"curies":[{"name":"wp","href":"https:\/\/api.w.org\/{rel}","templated":true}]}}