{"id":1704587,"date":"2023-01-03T15:34:10","date_gmt":"2023-01-03T12:34:10","guid":{"rendered":"https:\/\/www.av-arkki.fi\/?p=1704587"},"modified":"2024-04-27T21:21:55","modified_gmt":"2024-04-27T18:21:55","slug":"taidetta-taiteen-vuoksi-0123","status":"publish","type":"post","link":"https:\/\/www.av-arkki.fi\/fi\/uutiset\/taidetta-taiteen-vuoksi-0123\/","title":{"rendered":"Taidetta taiteen vuoksi -sarjan kev\u00e4tkaudella 2023 tutkitaan fantasioita \u2013 ensimm\u00e4inen n\u00e4yt\u00f6s 10.1.2023"},"content":{"rendered":"\n<p>AV-arkin ja Cinema Orionin uusi, kokeelliseen elokuvaan keskittyv\u00e4 monivuotinen Taidetta taiteen vuoksi -n\u00e4yt\u00f6ssarja k\u00e4ynnist\u00e4\u00e4 kev\u00e4tkautensa 10.1.2023 klo 17 Cinema Orionissa. Kev\u00e4\u00e4n 2023 teema on \u201dFantasiaa tutkimassa\u201d. Tammikuun n\u00e4yt\u00f6s ottaa tuntumaa \u201dHiert\u00e4viin fantasioihin\u201d. Ne saavat n\u00e4kem\u00e4\u00e4n myyttej\u00e4 ja totunnaisuuksia uudessa valossa, joka voi olla kriittinen tai kauhistuttavakin.&nbsp;<\/p>\n\n\n\n<p><strong>Sara Pathiranen<\/strong> <em>Holding Clouds<\/em> (2018, nostokuvassa) rakentaa koreografian Kiinan Huang-vuorella poseeraavien turistien toistuvista eleist\u00e4. <strong>Tara Najd Ahmardin<\/strong> A Week with Azar (2018) on monimuotoinen purkaus Trumpin 2017 asettaman matkustuskiellon her\u00e4tt\u00e4m\u00e4st\u00e4 turhautumisesta. <strong>Wilbirg Brainin-Donnenbergin<\/strong><em> Dirndlschuld<\/em> (2021) on essee-elokuva Alppien perinneasuun liittyv\u00e4st\u00e4 ep\u00e4mukavuudesta. <em>Sieidi<\/em> (2022) on <strong>Marja Viitahuhdan <\/strong>ja <strong>\u00c1nn\u00e1m\u00e1retin<\/strong> videoteos \u00c1nn\u00e1m\u00e1retin kokeelliseen joikumusiikkiin. Videossa pyh\u00e4 seitakivi Enonteki\u00f6ll\u00e4 muuntautuu ja monistuu. <strong>Oscar Vincentellin<\/strong> l\u00e4mp\u00f6kamerateoksessa <em>The Blood is White <\/em>(2019) h\u00e4rk\u00e4taistelu pelkistyy paljaimmilleen. <strong>Cl\u00e9ment Beraud<\/strong>\u2019n <em>Esthautomatisme sonore<\/em> (2017) on kokeellinen tutkielma katsomisen luhistumisesta.&nbsp;<\/p>\n\n\n\n<p>Taidetta taiteen vuoksi tuo yhteen taiteilijain liikkuvaa kuvaa, mediataidetta ja kokeellista elokuvaa niin Suomesta kuin ymp\u00e4ri maailmaa, uutuuksia ja klassikoita. N\u00e4yt\u00f6ssarjaa ovat tukeneet Koneen s\u00e4\u00e4ti\u00f6, Opetus- ja kulttuuriministeri\u00f6 sek\u00e4 Helsingin kaupunki. Sarjan kuratoinnista vastaa ty\u00f6ryhm\u00e4, johon kuuluvat <strong>Diego Ginartes<\/strong>, <strong>Sepideh Rahaa<\/strong>, <strong>Tytti Rantanen<\/strong> ja <strong>Azar Saiyar<\/strong>. Seuraavat Taidetta taiteen vuoksi -n\u00e4yt\u00f6kset esitet\u00e4\u00e4n 21.2., 4.4. ja 16.5.2023. N\u00e4yt\u00f6ksiin on vapaa p\u00e4\u00e4sy \u2013 <a href=\"https:\/\/tickets.cinemaorion.fi\/fi\/events\/pwdg\/event_buybox\/show\/63ad8c92503121bb248b4569\">lunasta ilmainen lippusi Cinema Orionin verkkokaupasta!<\/a><\/p>\n\n\n\n<p>N\u00e4yt\u00f6ksess\u00e4 esitet\u00e4\u00e4n seuraavat teokset:<\/p>\n\n\n\n<ul class=\"wp-block-list\">\n<li><strong>Sara Pathirane: Holding Clouds<\/strong> (FI, 2018, 09:40, ei dialogia)&nbsp;<\/li>\n\n\n\n<li><strong>Tara Najd Ahmadi: A Week with Azar<\/strong> (IR, SI, US, 2018, 11:00, englanti, farsi)<\/li>\n\n\n\n<li><strong>Wilbirg Brainin-Donnenberg: Dirndlschuld<\/strong> (AT, 2021, 15:00, saksa)<\/li>\n\n\n\n<li><strong>Marja Viitahuhta &amp; \u00c1nn\u00e1m\u00e1ret: Sieidi<\/strong> (FI, 2022, 03:18, ei dialogia)<\/li>\n\n\n\n<li><strong>Oscar Vincentelli: The Blood is White<\/strong> (ES, VE 2019, 12:56, ei dialogia)<\/li>\n\n\n\n<li><strong>Cl\u00e9ment Beraud: <\/strong><strong>Esthautomatisme sonore<\/strong> (FI, 2017, 05:57, ei dialogia)<\/li>\n<\/ul>\n\n\n\n<h2 class=\"wp-block-heading\">Teostiedot:<\/h2>\n\n\n\n<p><strong>Sara Pathirane: Holding Clouds<\/strong> (FI, 2018, 09:40, ei dialogia)&nbsp;<\/p>\n\n\n\n<figure class=\"wp-block-image size-large\"><img decoding=\"async\" src=\"https:\/\/www.av-arkki.fi\/wp-content\/uploads\/2023\/01\/showimage-2152.jpeg\" alt=\"\"\/><figcaption class=\"wp-element-caption\">Sara Pathirane: Holding Clouds (2019)<\/figcaption><\/figure>\n\n\n\n<p>Holding Clouds kuvaa koreografiaa Huangshanin Keltaisen Vuorella Kiinassa. Huang-vuori on kuuluisa klassisista kiinalaisista shan shui vuorivesi-mustemaalauksista. N\u00e4kym\u00e4 vuorelta on usein peittynyt pilviin, vain vuoren huiput ovat joskus n\u00e4kyviss\u00e4. Silti vuorella otetaan nyky\u00e4\u00e4n tuhansia valokuvia p\u00e4ivitt\u00e4in. Paikalliset turistit poseeravat maiseman edess\u00e4 tehden erilaisia eleit\u00e4. Eleiden rytmist\u00e4 syntyy p\u00e4ivitt\u00e4in vuorelle jatkuva koreografia maiseman kunniaksi.&nbsp;<\/p>\n\n\n\n<p><strong>Tara Najd Ahmadi: A Week with Azar<\/strong> (IR, SI, US, 2018, 11:00, englanti, farsi)<\/p>\n\n\n\n<figure class=\"wp-block-image size-large\"><img decoding=\"async\" src=\"https:\/\/www.sixpackfilm.com\/media\/images\/werke\/a-Week-with-Azar2.large.jpg\" alt=\"\"\/><figcaption class=\"wp-element-caption\">Tara Najd Ahmadi: A Week with Azar (2018) <\/figcaption><\/figure>\n\n\n\n<p>Lyhyt kokeellinen dokumentaarinen elokuva perustuu tositarinaan Azarista, iranilaisesta Yhdysvalloissa asuvasta tietokoneinsin\u00f6\u00f6rist\u00e4, joka talvella 2017 ei p\u00e4\u00e4ssyt hyv\u00e4stelem\u00e4\u00e4n sairasta sisartaan Isfahaniin (Iraniin) matkustuskiellon vuoksi. Kielto esti seitsem\u00e4n maan, mukaan lukien Iranin, kansalaisten p\u00e4\u00e4syn Yhdysvaltoihin. Elokuvan fragmentaarinen kertova rakenne ja estetiikka (16 mm filmin, digitaalisen videon ja still-kuvien yhdistely) heijastelee maahanmuuttajan sirpaloitunutta el\u00e4m\u00e4\u00e4.<\/p>\n\n\n\n<p><strong>Wilbirg Brainin-Donnenberg: Dirndlschuld<\/strong> (AT, 2021, 15:00, saksa)<\/p>\n\n\n\n<figure class=\"wp-block-image size-large\"><img decoding=\"async\" src=\"https:\/\/www.sixpackfilm.com\/media\/images\/werke\/dirndlschuldstillanna_1.190.1.large.jpg\" alt=\"\"\/><figcaption class=\"wp-element-caption\">Wilbirg Brainin-Donnenberg: Dirndlschuld (2021)<\/figcaption><\/figure>\n\n\n\n<p>Joillekin Dirndl on vain soma, v\u00e4rik\u00e4s mekko, johon kuuluu esiliina; toisille se taas edustaa el\u00e4m\u00e4nmittaista eripuraa. Kankaiden lailla my\u00f6s seudut voivat saastua ja joutua eri\u00e4vien perhehistorian tulkintojen kohteiksi. Jokaisella sukupolvella on oma tapansa tulkita noita tarinoita, joihin on lis\u00e4tty kerros kerroksen per\u00e4\u00e4n niin ettei kukaan voi olla varma, mit\u00e4 pohjalla lymy\u00e4\u00e4. Super 8 -elokuva sukeltaa syv\u00e4lle Grundlsee-j\u00e4rven taikaan ja avaa n\u00e4kym\u00e4n sen alimpiin kerroksiin.&nbsp;&nbsp;<\/p>\n\n\n\n<p><strong>Marja Viitahuhta &amp; \u00c1nn\u00e1m\u00e1ret: Sieidi<\/strong> (FI, 2022, 03:18, ei dialogia)<\/p>\n\n\n\n<figure class=\"wp-block-image size-large\"><img loading=\"lazy\" decoding=\"async\" width=\"1024\" height=\"576\" src=\"https:\/\/www.av-arkki.fi\/wp-content\/uploads\/2023\/01\/Sieidi-screenshot-030-Marja-Viitahuhta-1024x576.jpg\" alt=\"\" class=\"wp-image-1705792\" srcset=\"https:\/\/www.av-arkki.fi\/wp-content\/uploads\/2023\/01\/Sieidi-screenshot-030-Marja-Viitahuhta-1024x576.jpg 1024w, https:\/\/www.av-arkki.fi\/wp-content\/uploads\/2023\/01\/Sieidi-screenshot-030-Marja-Viitahuhta-300x169.jpg 300w, https:\/\/www.av-arkki.fi\/wp-content\/uploads\/2023\/01\/Sieidi-screenshot-030-Marja-Viitahuhta-768x432.jpg 768w, https:\/\/www.av-arkki.fi\/wp-content\/uploads\/2023\/01\/Sieidi-screenshot-030-Marja-Viitahuhta-1536x864.jpg 1536w, https:\/\/www.av-arkki.fi\/wp-content\/uploads\/2023\/01\/Sieidi-screenshot-030-Marja-Viitahuhta.jpg 1920w\" sizes=\"auto, (max-width: 1024px) 100vw, 1024px\" \/><figcaption class=\"wp-element-caption\">Marja Viitahuhta &amp; \u00c1nn\u00e1m\u00e1ret: Sieidi (2022)<\/figcaption><\/figure>\n\n\n\n<p>Video seitakivest\u00e4, pyh\u00e4st\u00e4 kivest\u00e4. Seita voi olla pyh\u00e4 paikka, uhrauspaikka, paikka toiveille ja aneluille. Videolla n\u00e4hd\u00e4\u00e4n Samuli Paulaharjun vuoden 1930 arkistokuva Enonteki\u00f6ll\u00e4 sijaitsevasta seidasta, jota erilaiset digitaaliset kollaasitekniikat ja efektit muovaavat. Kivi tuntuu monistuvan kuvassa, peitt\u00e4v\u00e4n itsens\u00e4 ja syntyv\u00e4n uudelleen, tulevan viel\u00e4 kerran n\u00e4kyv\u00e4ksi. T\u00e4m\u00e4 heijastelee ajatusta muinaisista uskomuksista ja niiden l\u00e4sn\u00e4olosta nykyajassa sek\u00e4 et\u00e4isin\u00e4 kaikuina ett\u00e4 voimakkaina merkitsij\u00f6in\u00e4. \u00c1nn\u00e1m\u00e1retin kokeellista joikumusiikkia s\u00e4est\u00e4v\u00e4t Turkka Inkil\u00e4 ja Ilkka Heinonen.<\/p>\n\n\n\n<p><strong>Oscar Vincentelli: The Blood is White<\/strong> (ES, VE 2019, 12:56, ei dialogia)<\/p>\n\n\n\n<figure class=\"wp-block-image size-large\"><img loading=\"lazy\" decoding=\"async\" width=\"1024\" height=\"640\" src=\"https:\/\/www.av-arkki.fi\/wp-content\/uploads\/2023\/01\/LA_SANGRE_ES_BLANCA_STILL_4-1024x640.jpg\" alt=\"\" class=\"wp-image-1705794\" srcset=\"https:\/\/www.av-arkki.fi\/wp-content\/uploads\/2023\/01\/LA_SANGRE_ES_BLANCA_STILL_4-1024x640.jpg 1024w, https:\/\/www.av-arkki.fi\/wp-content\/uploads\/2023\/01\/LA_SANGRE_ES_BLANCA_STILL_4-300x188.jpg 300w, https:\/\/www.av-arkki.fi\/wp-content\/uploads\/2023\/01\/LA_SANGRE_ES_BLANCA_STILL_4-768x480.jpg 768w, https:\/\/www.av-arkki.fi\/wp-content\/uploads\/2023\/01\/LA_SANGRE_ES_BLANCA_STILL_4-1536x960.jpg 1536w, https:\/\/www.av-arkki.fi\/wp-content\/uploads\/2023\/01\/LA_SANGRE_ES_BLANCA_STILL_4-2048x1280.jpg 2048w\" sizes=\"auto, (max-width: 1024px) 100vw, 1024px\" \/><figcaption class=\"wp-element-caption\">Oscar Vincentelli: The Blood is White (2019)<\/figcaption><\/figure>\n\n\n\n<p>Oscar Vincentelli k\u00e4ytt\u00e4\u00e4 l\u00e4mp\u00f6kameran kirurgista tarkkuutta poistaakseen kaiken kansanperinteen h\u00e4rk\u00e4taistelun ylt\u00e4. Se, mit\u00e4 joskus kutsuttiin \u201ckansalliseksi fiestaksi\u201d, muuttuu makaaberiksi tanssiksi ja silmiemme eteen j\u00e4\u00e4 vain kuoleman rituaali.&nbsp;<\/p>\n\n\n\n<p><strong>Cl\u00e9ment Beraud: Esthautomatisme sonore<\/strong> (FI, 2017, 05:57, ei dialogia)<\/p>\n\n\n\n<figure class=\"wp-block-image size-large\"><img decoding=\"async\" src=\"https:\/\/www.av-arkki.fi\/wp-content\/uploads\/2021\/11\/showimage-12538.jpeg\" alt=\"\"\/><figcaption class=\"wp-element-caption\">Cl\u00e9ment Beraud: Esthautomatisme sonore (2017)<\/figcaption><\/figure>\n\n\n\n<p>Varoitus: Teos voi aiheuttaa oireita henkil\u00f6ille, joilla on fotosensitiivinen epilepsia. Teos kuvaa rytmin tai 2000-luvun cin\u00e9-proosan aiheuttamaa luhistumista. Ikuisuuden kuolaa. \u201dEsthautotismi\u201d tulee sanoista \u2019esteettinen\u2019 ja \u2019automatismi\u2019. K\u00e4site on per\u00e4isin lettrismist\u00e4, joka halusi muuttaa, hajottaa ja tuhota tapamme katsoa elokuvaa. T\u00e4m\u00e4 on kokeellinen videoessee elokuvan katsomiseen liittyvist\u00e4 aisteista, joita usein m\u00e4\u00e4ritt\u00e4v\u00e4t liian monet s\u00e4\u00e4nn\u00f6t.<\/p>\n\n\n\n<hr class=\"wp-block-separator has-alpha-channel-opacity\"\/>\n\n\n\n<figure class=\"wp-block-image size-full\"><img loading=\"lazy\" decoding=\"async\" width=\"472\" height=\"107\" src=\"https:\/\/www.av-arkki.fi\/wp-content\/uploads\/2019\/09\/Orion-logo.jpg\" alt=\"\" class=\"wp-image-318496\" srcset=\"https:\/\/www.av-arkki.fi\/wp-content\/uploads\/2019\/09\/Orion-logo.jpg 472w, https:\/\/www.av-arkki.fi\/wp-content\/uploads\/2019\/09\/Orion-logo-300x68.jpg 300w\" sizes=\"auto, (max-width: 472px) 100vw, 472px\" \/><\/figure>\n\n\n\n<figure class=\"wp-block-image size-large\"><img loading=\"lazy\" decoding=\"async\" width=\"1024\" height=\"386\" src=\"https:\/\/www.av-arkki.fi\/wp-content\/uploads\/2021\/12\/Vihrea-Koneensaatio-logo-1024x386.jpg\" alt=\"\" class=\"wp-image-1497422\" srcset=\"https:\/\/www.av-arkki.fi\/wp-content\/uploads\/2021\/12\/Vihrea-Koneensaatio-logo-1024x386.jpg 1024w, https:\/\/www.av-arkki.fi\/wp-content\/uploads\/2021\/12\/Vihrea-Koneensaatio-logo-300x113.jpg 300w, https:\/\/www.av-arkki.fi\/wp-content\/uploads\/2021\/12\/Vihrea-Koneensaatio-logo-768x289.jpg 768w, https:\/\/www.av-arkki.fi\/wp-content\/uploads\/2021\/12\/Vihrea-Koneensaatio-logo-1536x578.jpg 1536w, https:\/\/www.av-arkki.fi\/wp-content\/uploads\/2021\/12\/Vihrea-Koneensaatio-logo-2048x771.jpg 2048w\" sizes=\"auto, (max-width: 1024px) 100vw, 1024px\" \/><\/figure>\n\n\n\n<figure class=\"wp-block-image size-large\"><img loading=\"lazy\" decoding=\"async\" width=\"1024\" height=\"259\" src=\"https:\/\/www.av-arkki.fi\/wp-content\/uploads\/2020\/05\/OKM_FI_2rivi_logot_ISO-1024x259.jpg\" alt=\"\" class=\"wp-image-753810\" srcset=\"https:\/\/www.av-arkki.fi\/wp-content\/uploads\/2020\/05\/OKM_FI_2rivi_logot_ISO-1024x259.jpg 1024w, https:\/\/www.av-arkki.fi\/wp-content\/uploads\/2020\/05\/OKM_FI_2rivi_logot_ISO-300x76.jpg 300w, https:\/\/www.av-arkki.fi\/wp-content\/uploads\/2020\/05\/OKM_FI_2rivi_logot_ISO-768x194.jpg 768w\" sizes=\"auto, (max-width: 1024px) 100vw, 1024px\" \/><\/figure>\n\n\n\n<figure class=\"wp-block-image size-full\"><img loading=\"lazy\" decoding=\"async\" width=\"400\" height=\"91\" src=\"https:\/\/www.av-arkki.fi\/wp-content\/uploads\/2022\/12\/Kulke.jpeg\" alt=\"\" class=\"wp-image-1681159\" srcset=\"https:\/\/www.av-arkki.fi\/wp-content\/uploads\/2022\/12\/Kulke.jpeg 400w, https:\/\/www.av-arkki.fi\/wp-content\/uploads\/2022\/12\/Kulke-300x68.jpeg 300w\" sizes=\"auto, (max-width: 400px) 100vw, 400px\" \/><\/figure>\n\n\n\n<hr class=\"wp-block-separator has-alpha-channel-opacity\"\/>\n\n\n\n<p>Taidetta taiteen vuoksi \/ Fantasioita tutkimassa \/ Hiert\u00e4v\u00e4t fantasiat, 10.1.2023, Cinema Orion<\/p>\n\n\n\n<p>Lis\u00e4tietoa: <a href=\"https:\/\/cinemaorion.fi\/elokuvat\/fantasioita-tutkimassa-hiertavat-fantasiat\/\">Cinema Orion<\/a><\/p>\n\n\n\n<hr class=\"wp-block-separator has-alpha-channel-opacity\"\/>\n\n\n\n<p><strong>AV-arkki on edist\u00e4nyt suomalaisen mediataiteen asemaa vuodesta 1989. Taiteilijat osallistuvat t\u00e4h\u00e4n tapahtumaan AV-arkin edist\u00e4misty\u00f6n ansiosta.<\/strong><\/p>\n","protected":false},"excerpt":{"rendered":"<p>AV-arkin ja Cinema Orionin uusi, kokeelliseen elokuvaan keskittyv\u00e4 monivuotinen Taidetta taiteen vuoksi -n\u00e4yt\u00f6ssarja k\u00e4ynnist\u00e4\u00e4 kev\u00e4tkautensa 10.1.2023 klo 17 Cinema Orionissa. Kev\u00e4\u00e4n 2023 teema on \u201dFantasiaa tutkimassa\u201d. Tammikuun n\u00e4yt\u00f6s&#8230; <a class=\"excerpt-read-more\" href=\"https:\/\/www.av-arkki.fi\/fi\/uutiset\/taidetta-taiteen-vuoksi-0123\/\" title=\"ReadTaidetta taiteen vuoksi -sarjan kev\u00e4tkaudella 2023 tutkitaan fantasioita \u2013 ensimm\u00e4inen n\u00e4yt\u00f6s 10.1.2023\">Lue lis\u00e4\u00e4 \u00bb<\/a><\/p>\n","protected":false},"author":10,"featured_media":1704672,"comment_status":"closed","ping_status":"closed","sticky":false,"template":"","format":"standard","meta":{"_acf_changed":false,"footnotes":""},"categories":[1],"tags":[1341,1338,2769],"class_list":["post-1704587","post","type-post","status-publish","format-standard","has-post-thumbnail","hentry","category-uutiset","tag-hankkeet","tag-helsinki","tag-taidetta-taiteen-vuoksi"],"acf":[],"_links":{"self":[{"href":"https:\/\/www.av-arkki.fi\/fi\/wp-json\/wp\/v2\/posts\/1704587","targetHints":{"allow":["GET"]}}],"collection":[{"href":"https:\/\/www.av-arkki.fi\/fi\/wp-json\/wp\/v2\/posts"}],"about":[{"href":"https:\/\/www.av-arkki.fi\/fi\/wp-json\/wp\/v2\/types\/post"}],"author":[{"embeddable":true,"href":"https:\/\/www.av-arkki.fi\/fi\/wp-json\/wp\/v2\/users\/10"}],"replies":[{"embeddable":true,"href":"https:\/\/www.av-arkki.fi\/fi\/wp-json\/wp\/v2\/comments?post=1704587"}],"version-history":[{"count":0,"href":"https:\/\/www.av-arkki.fi\/fi\/wp-json\/wp\/v2\/posts\/1704587\/revisions"}],"wp:featuredmedia":[{"embeddable":true,"href":"https:\/\/www.av-arkki.fi\/fi\/wp-json\/wp\/v2\/media\/1704672"}],"wp:attachment":[{"href":"https:\/\/www.av-arkki.fi\/fi\/wp-json\/wp\/v2\/media?parent=1704587"}],"wp:term":[{"taxonomy":"category","embeddable":true,"href":"https:\/\/www.av-arkki.fi\/fi\/wp-json\/wp\/v2\/categories?post=1704587"},{"taxonomy":"post_tag","embeddable":true,"href":"https:\/\/www.av-arkki.fi\/fi\/wp-json\/wp\/v2\/tags?post=1704587"}],"curies":[{"name":"wp","href":"https:\/\/api.w.org\/{rel}","templated":true}]}}