{"id":1627286,"date":"2022-10-18T19:00:30","date_gmt":"2022-10-18T16:00:30","guid":{"rendered":"https:\/\/www.av-arkki.fi\/?p=1627286"},"modified":"2022-10-20T16:55:07","modified_gmt":"2022-10-20T13:55:07","slug":"loppusyksyn-nayttelyt","status":"publish","type":"post","link":"https:\/\/www.av-arkki.fi\/fi\/uutiset\/loppusyksyn-nayttelyt\/","title":{"rendered":"Mediataiteen loppusyksyn n\u00e4yttelyt\u00e4rpit"},"content":{"rendered":"\n<p class=\"wp-block-paragraph\">Syksy on j\u00e4lleen pullollaan n\u00e4yttelyit\u00e4, ja AV-arkin taiteilijoiden t\u00f6it\u00e4 on n\u00e4ht\u00e4vill\u00e4 niin museoissa kuin gallerioissa ymp\u00e4ri Suomea. Katso alta loppusyksyn n\u00e4yttelyvinkit:<\/p>\n\n\n\n<h2 class=\"wp-block-heading\">Helsinki ja p\u00e4\u00e4kaupunkiseutu<\/h2>\n\n\n\n<p class=\"wp-block-paragraph\">Nykytaiteen museo Kiasmassa on avoinna 2.4.2023 asti uusi n\u00e4yttely&nbsp;<a href=\"https:\/\/kiasma.fi\/nayttelyt\/kompassissa-pohjoinen-teoksia-wihurin-rahaston-kokoelmasta\/\">Kompassissa pohjoinen<\/a>. N\u00e4yttelyss\u00e4 on mukana 48 taiteilijaa, joihin lukeutuvat muun muassa <a href=\"\/fi?p=1127589\">Lauri Astala<\/a>, <a href=\"\/fi?p=1127691\">Marja Helander<\/a>, <a href=\"\/fi?p=1248723\">Joel Karppanen<\/a>, <a href=\"\/fi?p=1127831\">Raakel Kuukka<\/a>, <a href=\"\/fi?p=1127843\">Antti Laitinen<\/a> sek\u00e4 <a href=\"\/fi?p=1127969\">Arttu Nieminen<\/a>. Kiasman <a href=\"https:\/\/kiasma.fi\/taide-ja-taiteilijat\/viisi-uutta-nykytaideteosta-verkossa-katsovat-menneeseen-ja-tulevaan\/\">Online Art<\/a> -kokoelmaan on lis\u00e4tty uusia teoksia muun muassa <a href=\"\/fi?p=1127722\">Joonas Hyv\u00f6selt\u00e4<\/a>, <a href=\"\/fi?p=1127613\">Timo Bredenbergilt\u00e4<\/a> sek\u00e4 <a href=\"\/fi?p=1128290\">Marja Viitahuhdalta<\/a> ja \u00c1nn\u00e1m\u00e1retilta. <\/p>\n\n\n\n<p class=\"wp-block-paragraph\">HAMin kes\u00e4ll\u00e4 auennut ryhm\u00e4n\u00e4yttely&nbsp;<a href=\"https:\/\/museot.fi\/nayttelykalenteri\/index.php?nayttely_id=29193\">Jotain ihmeellist\u00e4 liikkuu\u2026<\/a>&nbsp;on yh\u00e4 n\u00e4ht\u00e4vill\u00e4 5.2.2023 asti. Ryhm\u00e4n\u00e4yttely sis\u00e4lt\u00e4\u00e4 muun muassa&nbsp;<a href=\"\/fi?p=1128026\">Anu Pennasen<\/a>&nbsp;<a href=\"\/fi?p=1135040\">Monumentti n\u00e4kym\u00e4tt\u00f6m\u00e4lle<\/a>&nbsp;(2003) -teoksen.&nbsp;<a href=\"\/fi?p=1127634\">Maria Dunckerin<\/a> videoteos <a href=\"\/fi?p=1129686\">Bloom<\/a> (2006) on esill\u00e4 Sinebrychoffin taidemuseon n\u00e4yttelyss\u00e4 <a href=\"https:\/\/sinebrychoffintaidemuseo.fi\">Kirsikkapuun alla \u2013 Japanilaisia puupiirroksia<\/a>, joka on avoinna 15.1.2023 saakka.<\/p>\n\n\n\n<figure class=\"wp-block-image size-large\"><img decoding=\"async\" src=\"https:\/\/www.av-arkki.fi\/wp-content\/uploads\/2021\/11\/showimage-14127.jpeg\" alt=\"\"\/><figcaption>Anu Pennanen: Monumentti n\u00e4kym\u00e4tt\u00f6m\u00e4lle (2003)<\/figcaption><\/figure>\n\n\n\n<p class=\"wp-block-paragraph\">Galleria Hippolytess\u00e4 avoinna 23.10.2022 asti&nbsp;<a href=\"\/fi?p=1127704\">Laura Horellin<\/a>&nbsp;ja Philemon Sheya Kaluwapan&nbsp;<a href=\"https:\/\/hippolyte.fi\/nayttely\/laura-horelli-philemon-sheya-kaluwapa\/\">yhteisn\u00e4yttely<\/a>. Galleria Huudossa on 6.11.2022 asti Anna-Sofia Nylundin n\u00e4yttely <a href=\"https:\/\/www.galleriahuuto.fi\/anna-sofia-nylund-2\/\">Craving Earth<\/a>. 11.11.2022 Huudossa avautuu <a href=\"\/fi?p=1503361\">Nuutti Koskisen<\/a> n\u00e4yttely <a href=\"https:\/\/www.galleriahuuto.fi\/nuutti-koskinen-2\/\">J\u00e4nis on susi puutarhassa<\/a>. <a href=\"https:\/\/oksasenkatu11.fi\/exhibitions\">Oksasenkatu 11<\/a>:ss\u00e4 avautuu marraskuussa <a href=\"\/fi?p=1128137\">Azar Saiyarin<\/a> n\u00e4yttely. Oksasenkatu 11:n taidefestivaaliin Nerojen hautajaiset liittyen Maunula-talossa on 18.10.\u20134.11.2022 avoinna <a href=\"https:\/\/www.facebook.com\/events\/2937830056522995\/2941336279505706\/?ref=newsfeed\">Abdication<\/a>-n\u00e4yttely, jossa on esill\u00e4 taidetta muun muassa <a href=\"\/fi?p=1127716\">Hinni Huttuselta<\/a>, <a href=\"\/fi?p=1128041\">Pilvari Pirtolalta<\/a>, Marja Viitahuhdalta sek\u00e4 <a href=\"\/fi?p=1128251\">Martta Tuomaalalta<\/a> ja <a href=\"\/fi?p=1128065\">Sepideh Rahaalta<\/a>. Sepideh Rahaan ja <a href=\"\/fi?p=1127783\">Yassine Khaledin<\/a> teoksia on esill\u00e4 my\u00f6s <a href=\"https:\/\/www.catalysti.fi\/?event=catalysti-annual-exhibition-fragmented-fronts\">Catalystin<\/a> vuosin\u00e4yttelyss\u00e4 Fragmented Fronts Tekniikan museossa 22.10.2022 asti. <\/p>\n\n\n\n<p class=\"wp-block-paragraph\"><a href=\"https:\/\/forumbox.fi\">Forum Boxissa<\/a> on 6.11.2022 asti esill\u00e4 Yassine Khaledin n\u00e4yttely The Spiral of Exile ja <a href=\"\/fi?p=1128002\">Elina Oikarin <\/a>videoinstallaatio Synnyin. Mediaboxissa on 6.11.2022 asti Timo Bredenbergin <a href=\"https:\/\/forumbox.fi\/exhibition\/timo-bredenberg\/\">Legacy<\/a>. 11.11.2022 avautuu <a href=\"\/fi?p=1128281\">Leda Vanevan<\/a> n\u00e4yttely <a href=\"https:\/\/forumbox.fi\/exhibition\/leda-vaneva\/\">Minims<\/a> ja vuoden viimeisen\u00e4 Mediabox-n\u00e4yttelyn\u00e4 9.12.2022 Joonas Hyv\u00f6sen n\u00e4yttely.<\/p>\n\n\n\n<figure class=\"wp-block-image size-large\"><img decoding=\"async\" src=\"https:\/\/www.av-arkki.fi\/wp-content\/uploads\/2022\/10\/showimage-8439.jpeg\" alt=\"\"\/><figcaption>Leda Vaneva: Minims (2023)<\/figcaption><\/figure>\n\n\n\n<p class=\"wp-block-paragraph\">EMMAssa on tammikuuhun 2023 asti n\u00e4ht\u00e4vill\u00e4&nbsp;<a href=\"\/fi?p=1127610\">Maija Bl\u00e5fieldin<\/a>&nbsp;teos&nbsp;<a href=\"https:\/\/emmamuseum.fi\/nayttely\/maija-blafield-the-fantastic\/\">The Fantastic<\/a>(2020) sek\u00e4&nbsp;<a href=\"https:\/\/emmamuseum.fi\/nayttely\/nykyaikaa-etsimassa-22\/\">Nykyaikaa etsim\u00e4ss\u00e4<\/a>&nbsp;-n\u00e4yttely, jossa on mukana&nbsp;Teemu Lehmusruusu sek\u00e4 <a href=\"\/fi?p=1128035\">Jaakko Pietil\u00e4inen<\/a>.&nbsp;<a href=\"\/fi?p=1127619\">Diego Brunon<\/a>&nbsp;ja Minna Henrikssonin n\u00e4yttely&nbsp;<a href=\"https:\/\/www.artsimuseo.com\/tosiseikoistaesitettytilanne\">Tosiseikoista esitetty tilanne<\/a>&nbsp;on esill\u00e4 Vantaan taidemuseo Artsissa 8.1.2023 asti.<\/p>\n\n\n\n<h2 class=\"wp-block-heading\">L\u00e4nsi-Suomi<\/h2>\n\n\n\n<p class=\"wp-block-paragraph\">Turussa Ars Novassa avautuu 25.11.2022 <a href=\"\/fi?p=1128215\">Mika Taanilan<\/a> n\u00e4yttely <a href=\"https:\/\/avan.fi\/nayttelyt\/mika-taanila-film-reader\">Film Reader<\/a>. <a href=\"https:\/\/www.wam.fi\/uutinen\/2022-10-03_liikuttaako\">W\u00e4in\u00f6 Aaltosen museossa<\/a> on avoinna 22.1.2023 asti ryhm\u00e4n\u00e4yttely Liikuttaako, jossa on esill\u00e4 teoksia muun muassa <a href=\"\/fi?p=1127604\">Dave Bergilt\u00e4<\/a>, <a href=\"\/fi?p=1127628\">Annika Dahlstenilta<\/a> ja Markku Laaksolta ja Raakel Kuukalta. Turun Taidehallissa <a href=\"https:\/\/turuntaidehalli.fi\/leena-kela-7-10-6-11-2022\/\">Leena Kelan n\u00e4yttely<\/a> on auki 6.11.2022 asti.\u00a0<a href=\"https:\/\/turun-taidegraafikot.fi\/uutiset\/antti-tanttu-20-10-13-11-2022\/\">Galleria Joellassa<\/a> on 13.11.2022 asti esill\u00e4<a href=\"\/fi?p=1128224\"> Antti Tantun<\/a> n\u00e4yttely.<\/p>\n\n\n\n<p class=\"wp-block-paragraph\">L\u00f6nnstr\u00f6min taidemuseon viides taideprojekti,\u00a0<a href=\"\/fi?p=1128122\">Nastja S\u00e4de R\u00f6nk\u00f6n<\/a>\u00a0<a href=\"https:\/\/lonnstromintaidemuseo.fi\/selviytymisopas\">Selviytymisopas maailmanlopun lapselle<\/a>\u00a0saa ensiesityksens\u00e4 Raumalla 22.10.2022. <a href=\"https:\/\/arspori.com\/fi\/\">Ars Pori 22<\/a> -n\u00e4yttelyss\u00e4 on esill\u00e4 <a href=\"\/fi?p=1127774\">Anssi Kasitonnin<\/a> teos Le Saboteur 30.10.2022 asti. \u00a0<\/p>\n\n\n\n<p class=\"wp-block-paragraph\"><a href=\"\/fi?p=1128218\">Pilvi Takalan<\/a>&nbsp;teos&nbsp;<a href=\"\/fi?p=1138894\">The Stroker<\/a>&nbsp;on n\u00e4ht\u00e4vill\u00e4 Salon veturitallien&nbsp;<a href=\"https:\/\/salontaidemuseo.fi\/24-9-2022-8-1-2023\/\">Galleria Sivuraiteessa<\/a>&nbsp;8.1.2023 asti, kuten my\u00f6s Salon veturitallien ryhm\u00e4n\u00e4yttely <a href=\"https:\/\/salontaidemuseo.fi\/24-9-2022-8-1-2023-uberhund\/\">\u00dcberhund &#8211; Taiteen kiehtovat koirat<\/a>, jonka taiteilijoihin lukeutuvat muun muassa <a href=\"\/fi?p=1127616\">Elina Brotherus<\/a>, <a href=\"\/fi?p=1456107\">Appu Jasu<\/a>, <a href=\"\/fi?p=1281755\">Anni Kinnunen<\/a>, <a href=\"\/fi?p=1127966\">Fanni Niemi-Junkola<\/a> ja <a href=\"\/fi?p=1128344\">Helena \u00d6st<\/a>. Tammisaaressa on n\u00e4ht\u00e4vill\u00e4 23.10.2022 asti Pro Artibuksen Galleria Elverketiss\u00e4 viime kes\u00e4n\u00e4 auennut n\u00e4yttely&nbsp;<a href=\"https:\/\/proartibus.fi\/fi\/nayttelyt\/nested-realities\/\">Nested Realities<\/a>, jossa on mukana <a href=\"\/fi?p=1127646\">Anna Estarriolan<\/a> ja <a href=\"\/fi?p=1127580\">Axel Antasin<\/a> taidetta. <\/p>\n\n\n\n<figure class=\"wp-block-image size-large\"><img decoding=\"async\" src=\"https:\/\/www.av-arkki.fi\/wp-content\/uploads\/2022\/10\/showimage-8521.jpeg\" alt=\"\"\/><figcaption>Appu Jasu: Nowhere Specific (2021)<\/figcaption><\/figure>\n\n\n\n<h2 class=\"wp-block-heading\">Sis\u00e4maa ja Pohjois-Suomi<\/h2>\n\n\n\n<p class=\"wp-block-paragraph\">Tampereen kulttuuritalo&nbsp;<a href=\"https:\/\/www.laikku.fi\/nayttelytoiminta\">Laikussa<\/a>&nbsp;on esill\u00e4 Gallerian puolella 22.10.2022 asti&nbsp;<a href=\"\/fi?p=1128050\">Tero Puhan<\/a>&nbsp;n\u00e4yttely. 19.11.2022 alkaen Gallerian n\u00e4yttelytilassa on esill\u00e4&nbsp;<a href=\"\/fi?p=1127719\">Aimo Hyv\u00e4risen<\/a>&nbsp;ja&nbsp;<a href=\"\/fi?p=1128263\">Roi Vaaran<\/a>&nbsp;yhteisn\u00e4yttely.&nbsp;<a href=\"https:\/\/valokuvakeskusnykyaika.fi\/nykyajan-40-vuotisjuhlanayttely-jatkot\/\">Valokuvakeskus Nykyajassa<\/a> on esill\u00e4 31.10.2022 asti valokuvakeskuksen 40-vuotisn\u00e4yttely &#8221;Jatkot&#8221;, jonka taiteilijalistauksessa on mukana <a href=\"\/fi?p=1127710\">Helin\u00e4 Hukkataival<\/a>. <a href=\"\/fi?p=1128239\">Barbara Tieahon<\/a> taidetta on esill\u00e4 <a href=\"https:\/\/www.tampereentaidemuseo.fi\/etusivu\/nayttelyt-ja-tapahtumat\/esilla-08102022-08012023\/\">Tampereen taidemuseossa<\/a> Dimensio ry:n juhlan\u00e4yttelyss\u00e4 8.1.2023 asti. <\/p>\n\n\n\n<p class=\"wp-block-paragraph\">Hyvink\u00e4\u00e4n taidemuseossa&nbsp;on esill\u00e4 8.1.2023 asti&nbsp;<a href=\"\/fi?p=1127725\">IC-98<\/a>:n n\u00e4yttely <a href=\"https:\/\/www.hyvinkaa.fi\/hyvinkaan-taidemuseo\/nayttelyt\/esilla_nyt\/\">Haavoitettu maa<\/a>.&nbsp;Hinni Huttusen n\u00e4yttely on avoinna <a href=\"https:\/\/www.mikkeli.fi\/sisalto\/palvelut\/kulttuuri-ja-kirjasto\/mikkelin-kaupungin-museot\/mikkelin-taidemuseo\/nayttelyt\">Mikkelin taidemuseossa<\/a> 22.1.2023 asti. <a href=\"\/fi?p=1127954\">Teemu M\u00e4ki<\/a> on yksi <a href=\"https:\/\/nelimarkka-museo.fi\/nayttelyt\/maailman-kautta-kuljemme\/\">Nelimarkka-museon<\/a> 5.3.2023 asti avoinna olevan &#8221;Maailman kautta kuljemme&#8221; -ryhm\u00e4n\u00e4yttelyn pohjalaistaiteilijoista. Joel Karppasen teoksia on esill\u00e4 Tornion kaupungintalolla Aineen taidemuseon kokoelman\u00e4yttelyss\u00e4 &#8221;<a href=\"https:\/\/www.tornio.fi\/kulttuuri-ja-vapaa-aika\/aineen-taidemuseo\/nayttelyt\/tornion-kaupungintalo\/\">Ajan ja kulttuurin kerroksia<\/a>&#8221; 31.10.2022 asti.<\/p>\n\n\n\n<figure class=\"wp-block-image size-large\"><img decoding=\"async\" src=\"https:\/\/www.av-arkki.fi\/wp-content\/uploads\/2022\/10\/showimage-9928.jpeg\" alt=\"\"\/><figcaption>Eino Ruutsalo: Kotka (1962)<\/figcaption><\/figure>\n\n\n\n<p class=\"wp-block-paragraph\">Oulun taidemuseossa on avoinna 15.1.2023 asti ryhm\u00e4n\u00e4yttely&nbsp;<a href=\"https:\/\/museot.fi\/nayttelykalenteri\/index.php?nayttely_id=29760\">Tanssi! Liikett\u00e4 kuvataiteessa 1880-2022<\/a>, jossa n\u00e4hd\u00e4\u00e4n teoksia esimerkiksi&nbsp;<a href=\"\/fi?p=1128023\">Sini Pelkilt\u00e4<\/a>,&nbsp;<a href=\"\/fi?p=1128077\">Aurora Reinhardilta<\/a>,&nbsp;<a href=\"\/fi?p=1128104\">Vappu Rossilta<\/a>,&nbsp;<a href=\"\/fi?p=1128113\">Eino Ruutsalolta<\/a>&nbsp;ja&nbsp;<a href=\"\/fi?p=1127616\">Elina Brotherukselta<\/a>. Pohjoisessa valokuvakeskuksessa on esill\u00e4 4.12.2022 asti ryhm\u00e4n\u00e4yttely &#8221;<a href=\"http:\/\/www.photonorth.fi\/fi\/nayttelyt\/tietamisesta\/\">Tiet\u00e4misest\u00e4<\/a>&#8221;, jossa on taidetta muun muassa Teemu Lehmusruusulta. <\/p>\n\n\n\n<hr class=\"wp-block-separator has-alpha-channel-opacity\"\/>\n\n\n\n<p class=\"wp-block-paragraph\">Nostokuva:&nbsp;<a href=\"\/fi?p=1138930\">Fanni Niemi-Junkola: Kouluttaja<\/a> (2020)<\/p>\n\n\n\n<hr class=\"wp-block-separator has-alpha-channel-opacity\"\/>\n\n\n\n<p class=\"wp-block-paragraph\"><strong>AV-arkki on edist\u00e4nyt suomalaisen mediataiteen asemaa vuodesta 1989. Taiteilijat osallistuvat t\u00e4h\u00e4n tapahtumaan AV-arkin edist\u00e4misty\u00f6n ansiosta.<\/strong><\/p>\n","protected":false},"excerpt":{"rendered":"<p>Syksy on j\u00e4lleen pullollaan n\u00e4yttelyit\u00e4, ja AV-arkin taiteilijoiden t\u00f6it\u00e4 on n\u00e4ht\u00e4vill\u00e4 niin museoissa kuin gallerioissa ymp\u00e4ri Suomea. Katso alta loppusyksyn n\u00e4yttelyvinkit: Helsinki ja p\u00e4\u00e4kaupunkiseutu Nykytaiteen museo Kiasmassa on&#8230; <a class=\"excerpt-read-more\" href=\"https:\/\/www.av-arkki.fi\/fi\/uutiset\/loppusyksyn-nayttelyt\/\" title=\"ReadMediataiteen loppusyksyn n\u00e4yttelyt\u00e4rpit\">Lue lis\u00e4\u00e4 \u00bb<\/a><\/p>\n","protected":false},"author":10,"featured_media":1627288,"comment_status":"closed","ping_status":"closed","sticky":false,"template":"","format":"standard","meta":{"_acf_changed":false,"footnotes":""},"categories":[1],"tags":[1337,1338,1339,1342],"class_list":["post-1627286","post","type-post","status-publish","format-standard","has-post-thumbnail","hentry","category-uutiset","tag-av-arkin-levitystoiminta","tag-helsinki","tag-jasentaiteilijoiden-tapahtumat","tag-kotimaa"],"acf":[],"_links":{"self":[{"href":"https:\/\/www.av-arkki.fi\/fi\/wp-json\/wp\/v2\/posts\/1627286","targetHints":{"allow":["GET"]}}],"collection":[{"href":"https:\/\/www.av-arkki.fi\/fi\/wp-json\/wp\/v2\/posts"}],"about":[{"href":"https:\/\/www.av-arkki.fi\/fi\/wp-json\/wp\/v2\/types\/post"}],"author":[{"embeddable":true,"href":"https:\/\/www.av-arkki.fi\/fi\/wp-json\/wp\/v2\/users\/10"}],"replies":[{"embeddable":true,"href":"https:\/\/www.av-arkki.fi\/fi\/wp-json\/wp\/v2\/comments?post=1627286"}],"version-history":[{"count":0,"href":"https:\/\/www.av-arkki.fi\/fi\/wp-json\/wp\/v2\/posts\/1627286\/revisions"}],"wp:featuredmedia":[{"embeddable":true,"href":"https:\/\/www.av-arkki.fi\/fi\/wp-json\/wp\/v2\/media\/1627288"}],"wp:attachment":[{"href":"https:\/\/www.av-arkki.fi\/fi\/wp-json\/wp\/v2\/media?parent=1627286"}],"wp:term":[{"taxonomy":"category","embeddable":true,"href":"https:\/\/www.av-arkki.fi\/fi\/wp-json\/wp\/v2\/categories?post=1627286"},{"taxonomy":"post_tag","embeddable":true,"href":"https:\/\/www.av-arkki.fi\/fi\/wp-json\/wp\/v2\/tags?post=1627286"}],"curies":[{"name":"wp","href":"https:\/\/api.w.org\/{rel}","templated":true}]}}