{"id":1116416,"date":"2021-02-18T16:04:26","date_gmt":"2021-02-18T13:04:26","guid":{"rendered":"https:\/\/www.av-arkki.fi\/?p=1116416"},"modified":"2021-02-18T16:06:23","modified_gmt":"2021-02-18T13:06:23","slug":"mentorointi-osallistujat","status":"publish","type":"post","link":"https:\/\/www.av-arkki.fi\/fi\/uutiset\/mentorointi-osallistujat\/","title":{"rendered":"Osallistujat mediataiteen tuottamisen mentorointiin on valittu"},"content":{"rendered":"\n<p>AV-arkki j\u00e4rjest\u00e4\u00e4 kev\u00e4\u00e4ll\u00e4 2021 mediataiteen tuotantoyhti\u00f6iden ja tuottajien mentorointihankkeen. Toivomme mentoroinnin edist\u00e4v\u00e4n yhteis\u00f6llist\u00e4 oppimista ja kokemuksen jakamista laajemmin taiteenalan hyv\u00e4ksi sek\u00e4 osaltaan vahvistavan tuottajaosaamista alalla.&nbsp;<\/p>\n\n\n\n<p>Hakuaika mediataiteen mentorointiin p\u00e4\u00e4ttyi 31.1. M\u00e4\u00e4r\u00e4aikaan menness\u00e4 saapui 21&nbsp; hakemusta.&nbsp;Mentorointiin valittiin:<\/p>\n\n\n\n<ul class=\"wp-block-list\"><li>Sepideh Rahaa mentorina&nbsp;Sanna Kultanen<\/li><li>Hanna Hovitie mentorina&nbsp;Pasi Rauhala&nbsp;<\/li><li>Mina Laamo &amp; Pia Andell -ty\u00f6pari mentorina&nbsp;Marikki Hakola&nbsp;<\/li><li>Arttu Nieminen mentorina&nbsp;Mika Taanila<\/li><\/ul>\n\n\n\n<p>Kyseess\u00e4 on pilottihanke, jossa kehitet\u00e4\u00e4n toimintamallia mediataiteen tuottamisen mentoroinnille. Hanke on jatkoa marraskuussa 2020 j\u00e4rjestetylle \u201dMiten tuottaa Mediataidetta?\u201d -verkkoseminaarille. AVEKin koulutusjaosto on tukenut hanketta.<\/p>\n\n\n\n<hr class=\"wp-block-separator\"\/>\n\n\n\n<figure class=\"wp-block-image size-large\"><img loading=\"lazy\" decoding=\"async\" width=\"1024\" height=\"1024\" src=\"https:\/\/www.av-arkki.fi\/wp-content\/uploads\/2021\/01\/AVEK_RGB-1024x1024.png\" alt=\"\" class=\"wp-image-1062751\" srcset=\"https:\/\/www.av-arkki.fi\/wp-content\/uploads\/2021\/01\/AVEK_RGB-1024x1024.png 1024w, https:\/\/www.av-arkki.fi\/wp-content\/uploads\/2021\/01\/AVEK_RGB-300x300.png 300w, https:\/\/www.av-arkki.fi\/wp-content\/uploads\/2021\/01\/AVEK_RGB-150x150.png 150w, https:\/\/www.av-arkki.fi\/wp-content\/uploads\/2021\/01\/AVEK_RGB-768x768.png 768w, https:\/\/www.av-arkki.fi\/wp-content\/uploads\/2021\/01\/AVEK_RGB-125x125.png 125w, https:\/\/www.av-arkki.fi\/wp-content\/uploads\/2021\/01\/AVEK_RGB.png 1500w\" sizes=\"auto, (max-width: 1024px) 100vw, 1024px\" \/><\/figure>\n\n\n\n<hr class=\"wp-block-separator\"\/>\n\n\n\n<p>Kuva teoksesta: <a href=\"\/fi?p=39266\">Mika Taanila: Pelin viivytt\u00e4minen<\/a> (2017)<\/p>\n","protected":false},"excerpt":{"rendered":"<p>AV-arkki j\u00e4rjest\u00e4\u00e4 kev\u00e4\u00e4ll\u00e4 2021 mediataiteen tuotantoyhti\u00f6iden ja tuottajien mentorointihankkeen. Toivomme mentoroinnin edist\u00e4v\u00e4n yhteis\u00f6llist\u00e4 oppimista ja kokemuksen jakamista laajemmin taiteenalan hyv\u00e4ksi sek\u00e4 osaltaan vahvistavan tuottajaosaamista alalla.&nbsp; Hakuaika mediataiteen mentorointiin&#8230; <a class=\"excerpt-read-more\" href=\"https:\/\/www.av-arkki.fi\/fi\/uutiset\/mentorointi-osallistujat\/\" title=\"ReadOsallistujat mediataiteen tuottamisen mentorointiin on valittu\">Lue lis\u00e4\u00e4 \u00bb<\/a><\/p>\n","protected":false},"author":10,"featured_media":1116417,"comment_status":"closed","ping_status":"closed","sticky":false,"template":"","format":"standard","meta":{"_acf_changed":false,"footnotes":""},"categories":[1],"tags":[1341,1346],"class_list":["post-1116416","post","type-post","status-publish","format-standard","has-post-thumbnail","hentry","category-uutiset","tag-hankkeet","tag-yleisinfo"],"acf":[],"_links":{"self":[{"href":"https:\/\/www.av-arkki.fi\/fi\/wp-json\/wp\/v2\/posts\/1116416","targetHints":{"allow":["GET"]}}],"collection":[{"href":"https:\/\/www.av-arkki.fi\/fi\/wp-json\/wp\/v2\/posts"}],"about":[{"href":"https:\/\/www.av-arkki.fi\/fi\/wp-json\/wp\/v2\/types\/post"}],"author":[{"embeddable":true,"href":"https:\/\/www.av-arkki.fi\/fi\/wp-json\/wp\/v2\/users\/10"}],"replies":[{"embeddable":true,"href":"https:\/\/www.av-arkki.fi\/fi\/wp-json\/wp\/v2\/comments?post=1116416"}],"version-history":[{"count":0,"href":"https:\/\/www.av-arkki.fi\/fi\/wp-json\/wp\/v2\/posts\/1116416\/revisions"}],"wp:featuredmedia":[{"embeddable":true,"href":"https:\/\/www.av-arkki.fi\/fi\/wp-json\/wp\/v2\/media\/1116417"}],"wp:attachment":[{"href":"https:\/\/www.av-arkki.fi\/fi\/wp-json\/wp\/v2\/media?parent=1116416"}],"wp:term":[{"taxonomy":"category","embeddable":true,"href":"https:\/\/www.av-arkki.fi\/fi\/wp-json\/wp\/v2\/categories?post=1116416"},{"taxonomy":"post_tag","embeddable":true,"href":"https:\/\/www.av-arkki.fi\/fi\/wp-json\/wp\/v2\/tags?post=1116416"}],"curies":[{"name":"wp","href":"https:\/\/api.w.org\/{rel}","templated":true}]}}