{"id":1116405,"date":"2021-02-16T13:26:47","date_gmt":"2021-02-16T10:26:47","guid":{"rendered":"https:\/\/www.av-arkki.fi\/?p=1116405"},"modified":"2021-02-16T14:33:35","modified_gmt":"2021-02-16T11:33:35","slug":"skr2021","status":"publish","type":"post","link":"https:\/\/www.av-arkki.fi\/fi\/uutiset\/skr2021\/","title":{"rendered":"Suomen kulttuurirahastolta merkitt\u00e4v\u00e4 tuki mediataiteen toimijoille"},"content":{"rendered":"\n<h2 class=\"wp-block-heading\">AV-arkki toteuttaa verkkogallerian perustamiseen liittyv\u00e4n selvityshankkeen <\/h2>\n\n\n\n<h3 class=\"wp-block-heading\">AV-arkki kiitt\u00e4\u00e4 Suomen Kulttuurirahastoa 25 000 \u20ac <a href=\"https:\/\/apurahat.skr.fi\/myonnot\" target=\"_blank\" rel=\"noreferrer noopener\">hankerahoituksesta<\/a>, jonka turvin selvitet\u00e4\u00e4n verkkogallerian perustamisten edellytyksi\u00e4. Hanke toteutetaan vuoden 2021\u20132022 aikana.<\/h3>\n\n\n\n<p>Kartoitamme kent\u00e4n tarpeita, yhteisty\u00f6kumppaneita ja parhaita k\u00e4yt\u00e4nt\u00f6j\u00e4 kuratoituun mediataiteen verkkoesitt\u00e4miseen. Hankkeen tavoitteena on luoda yhteisty\u00f6h\u00f6n perustuva toimintamalli ja alusta suomalaisen mediataiteen verkkoesitt\u00e4miselle. Haluamme kehitt\u00e4\u00e4 saavutettavaa ja inklusiivista mediataiteen verkkoesitt\u00e4mist\u00e4, joka luo uudenlaista keskustelua sek\u00e4 edist\u00e4\u00e4 taiteilijoiden asemaa ja n\u00e4kyvyytt\u00e4.<\/p>\n\n\n\n<p>Hankkeen aikana kuulemme taiteilijoita ja kent\u00e4n toimijoita laajasti. J\u00e4rjest\u00e4mme my\u00f6s ty\u00f6pajoja ja koulutuksia yhteisty\u00f6kumppaneille yhteisten tarpeiden ja parhaiden toimintamallien kartoittamiseksi.<\/p>\n\n\n\n<p>Jos organisaatiosi on kiinnostunut mediataiteen verkkoesitt\u00e4misen kehitt\u00e4misest\u00e4, ota yhteytt\u00e4 AV-arkin toiminnanjohtaja <a rel=\"noreferrer noopener\" href=\"mailto:director@av-arkki.fi\" target=\"_blank\">Hanna Maria Anttilaan<\/a> kev\u00e4\u00e4n 2021 aikana.<\/p>\n\n\n\n<h2 class=\"wp-block-heading\">Suomen Mediataideverkoston historiahanke k\u00e4ynnistyy<\/h2>\n\n\n\n<h3 class=\"wp-block-heading\">Suomen Kulttuurirahasto <a href=\"https:\/\/apurahat.skr.fi\/myonnot\" target=\"_blank\" rel=\"noreferrer noopener\">my\u00f6nsi 160 000 \u20ac avustuksen<\/a> Suomen Mediataideverkostolle. Verkoston valmistelema Mediataiteen historiahanke MEHI tuo suomalaisen mediataiteen osaksi kansallista muistia kokoamalla ja julkaisemalla alan historia-aineistot. My\u00f6nnetty avustus varmistaa kolmivuotisen hankkeen k\u00e4ynnist\u00e4misen huhtikuussa 2021.<\/h3>\n\n\n\n<p>MEHI kokoaa suomalaisen mediataiteen l\u00e4hes 100-vuotisen historiatiedon ja varmistaa sen kest\u00e4v\u00e4n taltioimisen ja v\u00e4littymisen tulevaisuuteen.<\/p>\n\n\n\n<p>Hankekokonaisuuden tavoitteena on:<\/p>\n\n\n\n<ul class=\"wp-block-list\"><li>luoda mediataiteen viitetietokanta sek\u00e4 yhten\u00e4ist\u00e4\u00e4 alan terminologia- ja luettelointik\u00e4yt\u00e4nt\u00f6j\u00e4;<\/li><li>taltioida pioneerien el\u00e4m\u00e4nty\u00f6t\u00e4 ja avainteoksia sek\u00e4 kehitt\u00e4\u00e4 mediataiteen konservointiosaamista ja pitk\u00e4aikaiss\u00e4ilytyst\u00e4;<\/li><li>tuoda tietoa saavutettavaksi verkossa ja j\u00e4rjest\u00e4\u00e4 kansainv\u00e4lisi\u00e4 seminaareja;<\/li><li>toimittaa kattava antologiateos suomalaisen mediataiteen ensimm\u00e4isest\u00e4 vuosisadasta.<\/li><\/ul>\n\n\n\n<p>Suomen Kulttuurirahaston my\u00f6nt\u00e4m\u00e4 apuraha kohdistuu hankekokonaisuuden perustana olevaan tietokanta- ja terminologiaty\u00f6h\u00f6n sek\u00e4 edell\u00e4k\u00e4vij\u00e4teosten ja -tekij\u00f6iden historiatiedon kokoamiseen. Muita hankekokonaisuuden kannalta keskeisi\u00e4 rahoitusp\u00e4\u00e4t\u00f6ksi\u00e4 odotetaan kev\u00e4\u00e4n aikana.<\/p>\n\n\n\n<p>MEHI-hankkeen toteutuksesta vastaa Suomen Mediataideverkosto ry konsortiossa j\u00e4senorganisaatioidensa kanssa. Laajan yhteisty\u00f6verkoston keskeiset kumppanit ovat Kansallisgalleria, Museoliitto ja Poike Productio Oy. MEHI-hankkeen esiselvitysty\u00f6t\u00e4 tuki Oskar \u00d6flundin s\u00e4\u00e4ti\u00f6.<\/p>\n\n\n\n<p><a href=\"http:\/\/mediataide.fi\/?p=254\">Lue lis\u00e4\u00e4 MEHI-hankkeesta Mediataideverkoston sivuilla<\/a>.<\/p>\n\n\n\n<figure class=\"wp-block-image size-large\"><img decoding=\"async\" src=\"http:\/\/mediataide.fi\/wp-content\/uploads\/2020\/07\/Mediataide_2019_logo_colour.jpg\" alt=\"\"\/><\/figure>\n\n\n\n<hr class=\"wp-block-separator\"\/>\n\n\n\n<p><\/p>\n\n\n\n<p><\/p>\n\n\n\n<figure class=\"wp-block-image size-large\"><img decoding=\"async\" src=\"https:\/\/skr.fi\/serve\/skr-vihrea-jpg\" alt=\"\"\/><\/figure>\n","protected":false},"excerpt":{"rendered":"<p>AV-arkki toteuttaa verkkogallerian perustamiseen liittyv\u00e4n selvityshankkeen AV-arkki kiitt\u00e4\u00e4 Suomen Kulttuurirahastoa 25 000 \u20ac hankerahoituksesta, jonka turvin selvitet\u00e4\u00e4n verkkogallerian perustamisten edellytyksi\u00e4. Hanke toteutetaan vuoden 2021\u20132022 aikana. Kartoitamme kent\u00e4n tarpeita,&#8230; <a class=\"excerpt-read-more\" href=\"https:\/\/www.av-arkki.fi\/fi\/uutiset\/skr2021\/\" title=\"ReadSuomen kulttuurirahastolta merkitt\u00e4v\u00e4 tuki mediataiteen toimijoille\">Lue lis\u00e4\u00e4 \u00bb<\/a><\/p>\n","protected":false},"author":10,"featured_media":299445,"comment_status":"closed","ping_status":"closed","sticky":false,"template":"","format":"standard","meta":{"_acf_changed":false,"footnotes":""},"categories":[1],"tags":[1341,1346],"class_list":["post-1116405","post","type-post","status-publish","format-standard","has-post-thumbnail","hentry","category-uutiset","tag-hankkeet","tag-yleisinfo"],"acf":[],"_links":{"self":[{"href":"https:\/\/www.av-arkki.fi\/fi\/wp-json\/wp\/v2\/posts\/1116405","targetHints":{"allow":["GET"]}}],"collection":[{"href":"https:\/\/www.av-arkki.fi\/fi\/wp-json\/wp\/v2\/posts"}],"about":[{"href":"https:\/\/www.av-arkki.fi\/fi\/wp-json\/wp\/v2\/types\/post"}],"author":[{"embeddable":true,"href":"https:\/\/www.av-arkki.fi\/fi\/wp-json\/wp\/v2\/users\/10"}],"replies":[{"embeddable":true,"href":"https:\/\/www.av-arkki.fi\/fi\/wp-json\/wp\/v2\/comments?post=1116405"}],"version-history":[{"count":0,"href":"https:\/\/www.av-arkki.fi\/fi\/wp-json\/wp\/v2\/posts\/1116405\/revisions"}],"wp:featuredmedia":[{"embeddable":true,"href":"https:\/\/www.av-arkki.fi\/fi\/wp-json\/wp\/v2\/media\/299445"}],"wp:attachment":[{"href":"https:\/\/www.av-arkki.fi\/fi\/wp-json\/wp\/v2\/media?parent=1116405"}],"wp:term":[{"taxonomy":"category","embeddable":true,"href":"https:\/\/www.av-arkki.fi\/fi\/wp-json\/wp\/v2\/categories?post=1116405"},{"taxonomy":"post_tag","embeddable":true,"href":"https:\/\/www.av-arkki.fi\/fi\/wp-json\/wp\/v2\/tags?post=1116405"}],"curies":[{"name":"wp","href":"https:\/\/api.w.org\/{rel}","templated":true}]}}